{"id":60005,"date":"2025-10-08T09:14:59","date_gmt":"2025-10-08T06:14:59","guid":{"rendered":"https:\/\/www.egemtv.com\/?p=60005"},"modified":"2025-10-08T09:15:00","modified_gmt":"2025-10-08T06:15:00","slug":"israil-askerleri-milletvekili-unun-de-bulundugu-vicdan-gemisine-mudahale-etti","status":"publish","type":"post","link":"https:\/\/www.egemtv.com\/?p=60005","title":{"rendered":"\u0130srail askerleri Milletvekili \u00dcn\u2019\u00fcn de bulundu\u011fu Vicdan gemisine m\u00fcdahale etti"},"content":{"rendered":"<p>\u0130srail\u2019in Gazze\u2019ye uygulad\u0131\u011f\u0131 ablukay\u0131 k\u0131rmak ve insani yard\u0131mlar\u0131 ula\u015ft\u0131rmak i\u00e7in \u2018Vicdan\u2019 gemisiyle \u0130talya\u2019dan yola \u00e7\u0131kan Denizli Milletvekili Sema Silkin \u00dcn, bu sabah saatlerinde internet eri\u015fiminin kesilmesinin ard\u0131ndan \u0130srail askerlerinin gemiye m\u00fcdahale etti\u011fini duyurdu.<br \/>\n<br \/>\u0130srail\u2019in Gazze\u2019ye uygulad\u0131\u011f\u0131 ablukay\u0131 k\u0131rmak ve insani yard\u0131mlar\u0131 ula\u015ft\u0131rmak i\u00e7in yola \u00e7\u0131kan K\u00fcresel Sumud Filosu\u2019na Tunus\u2019tan kat\u0131lamayan Denizli Milletvekili Sema Silkin \u00dcn, daha sonra \u0130talya\u2019daki Otranto Liman\u0131\u2019ndan Akdeniz\u2019e a\u00e7\u0131lan &#8220;Vicdan&#8221; gemisi ile bu sabah saatlerinde Gazze a\u00e7\u0131klar\u0131ndaki uluslararas\u0131 karasular\u0131na ula\u015ft\u0131. D\u00fcn ak\u015fam bir video payla\u015fan \u00dcn, bu sabah saat 06.00 s\u0131ralar\u0131nda ise internet eri\u015fiminin kesilmesinin ard\u0131ndan \u0130srail askerlerinin gemiye m\u00fcdahale etti\u011fini duyurdu.<br \/>\n<br \/>Saatler \u00f6nce yapt\u0131\u011f\u0131 son payla\u015f\u0131mda kendilerini bekleyen tehlikelere de\u011finen Milletvekili \u00dcn, &#8220;Bu vicdan y\u00fckl\u00fc gemiden \u00e7ekmi\u015f oldu\u011fum son ak\u015fam videosu olacak. Yar\u0131n sabah saatlerinde uluslararas\u0131 sular olmas\u0131na ra\u011fmen \u0130srail\u2019in ad\u0131n\u0131 sar\u0131, turuncu, k\u0131rm\u0131z\u0131 hat olarak belirledi\u011fi, \u2018tehlikeli hat\u2019 dedi\u011fi b\u00f6lgede olmu\u015f olaca\u011f\u0131z. Bizim b\u00fct\u00fcn duam\u0131z ve b\u00fct\u00fcn umudumuz o hatlar\u0131 ge\u00e7ip Gazze\u2019ye ula\u015fmak, Gazzeli karde\u015flerimizle kucakla\u015fmak. Yolculuk s\u0131ras\u0131nda ya\u015fad\u0131\u011f\u0131m\u0131z t\u00fcm zorluklar\u0131 dualarla a\u015ft\u0131k. Bu kutlu seferin t\u00fcm bereketi sizin dualar\u0131n\u0131z sayesinde oldu. Bu son ak\u015fam da sizlerden tekrar dua istiyorum. Biz b\u00fct\u00fcn g\u00fcn\u00fcm\u00fcz\u00fc duayla ge\u00e7irdik, bu gece sabaha kadar da dua edece\u011fiz. Belki bu sayede o yollardan ge\u00e7ece\u011fiz ve Gazze\u2019ye ula\u015faca\u011f\u0131z. Bizleri umutla bekleyen evlatlar\u0131m\u0131za, karde\u015flerimize ve ablalar\u0131m\u0131za sar\u0131lmak nasip olacak. Rabbim bizlere Gazzeli karde\u015flerimizle kucakla\u015fmay\u0131 nasip etsin. Bu saatten sonra \u00f6nce Allah\u2019a, sonra sizlere emanetiz&#8221; ifadelerini kulland\u0131.<br \/><\/p>\n","protected":false},"excerpt":{"rendered":"<p>\u0130srail\u2019in Gazze\u2019ye uygulad\u0131\u011f\u0131 ablukay\u0131 k\u0131rmak ve insani yard\u0131mlar\u0131 ula\u015ft\u0131rmak i\u00e7in \u2018Vicdan\u2019 gemisiyle \u0130talya\u2019dan yola \u00e7\u0131kan Denizli Milletvekili Sema Silkin \u00dcn, bu sabah saatlerinde internet eri\u015fiminin kesilmesinin ard\u0131ndan \u0130srail askerlerinin gemiye m\u00fcdahale etti\u011fini duyurdu. \u0130srail\u2019in Gazze\u2019ye uygulad\u0131\u011f\u0131 ablukay\u0131 k\u0131rmak ve insani yard\u0131mlar\u0131 ula\u015ft\u0131rmak i\u00e7in yola \u00e7\u0131kan K\u00fcresel Sumud Filosu\u2019na Tunus\u2019tan kat\u0131lamayan Denizli Milletvekili Sema Silkin \u00dcn,&#8230;<\/p>\n","protected":false},"author":1,"featured_media":60006,"comment_status":"open","ping_status":"open","sticky":false,"template":"","format":"standard","meta":{"_crdt_document":"","footnotes":""},"categories":[1],"tags":[],"class_list":["post-60005","post","type-post","status-publish","format-standard","has-post-thumbnail","hentry","category-guncel"],"_links":{"self":[{"href":"https:\/\/www.egemtv.com\/index.php?rest_route=\/wp\/v2\/posts\/60005","targetHints":{"allow":["GET"]}}],"collection":[{"href":"https:\/\/www.egemtv.com\/index.php?rest_route=\/wp\/v2\/posts"}],"about":[{"href":"https:\/\/www.egemtv.com\/index.php?rest_route=\/wp\/v2\/types\/post"}],"author":[{"embeddable":true,"href":"https:\/\/www.egemtv.com\/index.php?rest_route=\/wp\/v2\/users\/1"}],"replies":[{"embeddable":true,"href":"https:\/\/www.egemtv.com\/index.php?rest_route=%2Fwp%2Fv2%2Fcomments&post=60005"}],"version-history":[{"count":1,"href":"https:\/\/www.egemtv.com\/index.php?rest_route=\/wp\/v2\/posts\/60005\/revisions"}],"predecessor-version":[{"id":60007,"href":"https:\/\/www.egemtv.com\/index.php?rest_route=\/wp\/v2\/posts\/60005\/revisions\/60007"}],"wp:featuredmedia":[{"embeddable":true,"href":"https:\/\/www.egemtv.com\/index.php?rest_route=\/wp\/v2\/media\/60006"}],"wp:attachment":[{"href":"https:\/\/www.egemtv.com\/index.php?rest_route=%2Fwp%2Fv2%2Fmedia&parent=60005"}],"wp:term":[{"taxonomy":"category","embeddable":true,"href":"https:\/\/www.egemtv.com\/index.php?rest_route=%2Fwp%2Fv2%2Fcategories&post=60005"},{"taxonomy":"post_tag","embeddable":true,"href":"https:\/\/www.egemtv.com\/index.php?rest_route=%2Fwp%2Fv2%2Ftags&post=60005"}],"curies":[{"name":"wp","href":"https:\/\/api.w.org\/{rel}","templated":true}]}}