{"id":60002,"date":"2025-10-08T09:14:58","date_gmt":"2025-10-08T06:14:58","guid":{"rendered":"https:\/\/www.egemtv.com\/?p=60002"},"modified":"2025-10-08T09:14:59","modified_gmt":"2025-10-08T06:14:59","slug":"didimde-25-duzensiz-gocmen-yakalandi","status":"publish","type":"post","link":"https:\/\/www.egemtv.com\/?p=60002","title":{"rendered":"Didim\u2019de 25 d\u00fczensiz g\u00f6\u00e7men yakaland\u0131"},"content":{"rendered":"<p>Ayd\u0131n\u2019\u0131n Didim il\u00e7esinde sahil g\u00fcvenlik radar\u0131 taraf\u0131ndan tespit edilen 25 d\u00fczensiz g\u00f6\u00e7men yakaland\u0131.<\/p>\n<p>Didim il\u00e7esinde g\u00f6revli Sahil G\u00fcvenlik Mobil Radar\u0131 (MORAD-10) taraf\u0131ndan lastik bot i\u00e7erisinde bir grup d\u00fczensiz g\u00f6\u00e7men oldu\u011funun tespit edilmesi \u00fczerine g\u00f6revlendirilen Sahil G\u00fcvenlik Botu (KB-105) taraf\u0131ndan hareketli fiber karinal\u0131 lastik bot durdurulurken ve i\u00e7erisindeki 25 d\u00fczensiz g\u00f6\u00e7men (beraberinde 9 \u00e7ocuk) yakaland\u0131. Yakalanan d\u00fczensiz g\u00f6\u00e7menler hakk\u0131nda i\u015flem ba\u015flat\u0131ld\u0131.<br \/><\/p>\n","protected":false},"excerpt":{"rendered":"<p>Ayd\u0131n\u2019\u0131n Didim il\u00e7esinde sahil g\u00fcvenlik radar\u0131 taraf\u0131ndan tespit edilen 25 d\u00fczensiz g\u00f6\u00e7men yakaland\u0131. Didim il\u00e7esinde g\u00f6revli Sahil G\u00fcvenlik Mobil Radar\u0131 (MORAD-10) taraf\u0131ndan lastik bot i\u00e7erisinde bir grup d\u00fczensiz g\u00f6\u00e7men oldu\u011funun tespit edilmesi \u00fczerine g\u00f6revlendirilen Sahil G\u00fcvenlik Botu (KB-105) taraf\u0131ndan hareketli fiber karinal\u0131 lastik bot durdurulurken ve i\u00e7erisindeki 25 d\u00fczensiz g\u00f6\u00e7men (beraberinde 9 \u00e7ocuk) yakaland\u0131. Yakalanan&#8230;<\/p>\n","protected":false},"author":1,"featured_media":60003,"comment_status":"open","ping_status":"open","sticky":false,"template":"","format":"standard","meta":{"_crdt_document":"","footnotes":""},"categories":[5],"tags":[],"class_list":["post-60002","post","type-post","status-publish","format-standard","has-post-thumbnail","hentry","category-asayis"],"_links":{"self":[{"href":"https:\/\/www.egemtv.com\/index.php?rest_route=\/wp\/v2\/posts\/60002","targetHints":{"allow":["GET"]}}],"collection":[{"href":"https:\/\/www.egemtv.com\/index.php?rest_route=\/wp\/v2\/posts"}],"about":[{"href":"https:\/\/www.egemtv.com\/index.php?rest_route=\/wp\/v2\/types\/post"}],"author":[{"embeddable":true,"href":"https:\/\/www.egemtv.com\/index.php?rest_route=\/wp\/v2\/users\/1"}],"replies":[{"embeddable":true,"href":"https:\/\/www.egemtv.com\/index.php?rest_route=%2Fwp%2Fv2%2Fcomments&post=60002"}],"version-history":[{"count":1,"href":"https:\/\/www.egemtv.com\/index.php?rest_route=\/wp\/v2\/posts\/60002\/revisions"}],"predecessor-version":[{"id":60004,"href":"https:\/\/www.egemtv.com\/index.php?rest_route=\/wp\/v2\/posts\/60002\/revisions\/60004"}],"wp:featuredmedia":[{"embeddable":true,"href":"https:\/\/www.egemtv.com\/index.php?rest_route=\/wp\/v2\/media\/60003"}],"wp:attachment":[{"href":"https:\/\/www.egemtv.com\/index.php?rest_route=%2Fwp%2Fv2%2Fmedia&parent=60002"}],"wp:term":[{"taxonomy":"category","embeddable":true,"href":"https:\/\/www.egemtv.com\/index.php?rest_route=%2Fwp%2Fv2%2Fcategories&post=60002"},{"taxonomy":"post_tag","embeddable":true,"href":"https:\/\/www.egemtv.com\/index.php?rest_route=%2Fwp%2Fv2%2Ftags&post=60002"}],"curies":[{"name":"wp","href":"https:\/\/api.w.org\/{rel}","templated":true}]}}