{"id":59999,"date":"2025-10-08T08:54:50","date_gmt":"2025-10-08T05:54:50","guid":{"rendered":"https:\/\/www.egemtv.com\/?p=59999"},"modified":"2025-10-08T08:54:50","modified_gmt":"2025-10-08T05:54:50","slug":"nazillide-anne-sutunun-onemine-dikkat-cekildi","status":"publish","type":"post","link":"https:\/\/www.egemtv.com\/?p=59999","title":{"rendered":"Nazilli\u2019de anne s\u00fct\u00fcn\u00fcn \u00f6nemine dikkat \u00e7ekildi"},"content":{"rendered":"<p>Nazilli Devlet Hastanesi\u2019nde Emzirme Haftas\u0131 dolay\u0131s\u0131yla a\u00e7\u0131lan stantta vatanda\u015flara bilgilendirme yap\u0131larak anne s\u00fct\u00fcn\u00fcn sa\u011fl\u0131\u011fa katk\u0131lar\u0131 anlat\u0131ld\u0131.<\/p>\n<p>Ayd\u0131n\u2019\u0131n Nazilli il\u00e7esinde 1-7 Ekim Emzirme Haftas\u0131 dolay\u0131s\u0131yla fark\u0131ndal\u0131k olu\u015fturmak amac\u0131yla Nazilli Devlet Hastanesi\u2019nde etkinlik d\u00fczenlendi. Hastane y\u00f6netimi, sa\u011fl\u0131k personeli ve vatanda\u015flar\u0131n kat\u0131l\u0131m\u0131yla ger\u00e7ekle\u015ftirilen etkinlik kapsam\u0131nda, hastanenin 1. kat\u0131nda bulunan Emzirme ve Relaktasyon Poliklini\u011fi \u00f6n\u00fcnde stant a\u00e7\u0131ld\u0131. Stantta anne s\u00fct\u00fcn\u00fcn \u00f6nemi, emzirmenin hem bebek hem de anne sa\u011fl\u0131\u011f\u0131na katk\u0131lar\u0131 ile do\u011fru emzirme teknikleri hakk\u0131nda bilgilendirmeler yap\u0131ld\u0131. Etkinlikte ayr\u0131ca vatanda\u015flara \u00e7e\u015fitli ikramlarda da bulunuldu. Nazilli Devlet Hastanesi, anne s\u00fct\u00fcn\u00fcn bebekler i\u00e7in ilk ve en de\u011ferli besin kayna\u011f\u0131 olmas\u0131n\u0131n yan\u0131 s\u0131ra anne sa\u011fl\u0131\u011f\u0131n\u0131 da destekledi\u011fini vurgulayarak yapt\u0131\u011f\u0131 a\u0131klamada &#8220;Anne s\u00fct\u00fc, bebe\u011finizin ilk ve en g\u00fc\u00e7l\u00fc a\u015f\u0131s\u0131d\u0131r. Anne s\u00fct\u00fc, bebekler i\u00e7in ilk ve en de\u011ferli besin kayna\u011f\u0131 olmas\u0131n\u0131n yan\u0131 s\u0131ra anne sa\u011fl\u0131\u011f\u0131n\u0131 da desteklemektedir. Nazilli Devlet Hastanesi olarak, her bebe\u011fin sa\u011fl\u0131kl\u0131 bir ba\u015flang\u0131\u00e7 yapmas\u0131 ve emzirmenin te\u015fvik edilmesi i\u00e7in \u00e7al\u0131\u015fmalar\u0131m\u0131z\u0131 s\u00fcrd\u00fcr\u00fcyoruz&#8221; ifadeleri yer ald\u0131.<br \/><\/p>\n","protected":false},"excerpt":{"rendered":"<p>Nazilli Devlet Hastanesi\u2019nde Emzirme Haftas\u0131 dolay\u0131s\u0131yla a\u00e7\u0131lan stantta vatanda\u015flara bilgilendirme yap\u0131larak anne s\u00fct\u00fcn\u00fcn sa\u011fl\u0131\u011fa katk\u0131lar\u0131 anlat\u0131ld\u0131. Ayd\u0131n\u2019\u0131n Nazilli il\u00e7esinde 1-7 Ekim Emzirme Haftas\u0131 dolay\u0131s\u0131yla fark\u0131ndal\u0131k olu\u015fturmak amac\u0131yla Nazilli Devlet Hastanesi\u2019nde etkinlik d\u00fczenlendi. Hastane y\u00f6netimi, sa\u011fl\u0131k personeli ve vatanda\u015flar\u0131n kat\u0131l\u0131m\u0131yla ger\u00e7ekle\u015ftirilen etkinlik kapsam\u0131nda, hastanenin 1. kat\u0131nda bulunan Emzirme ve Relaktasyon Poliklini\u011fi \u00f6n\u00fcnde stant a\u00e7\u0131ld\u0131. Stantta anne&#8230;<\/p>\n","protected":false},"author":1,"featured_media":60000,"comment_status":"open","ping_status":"open","sticky":false,"template":"","format":"standard","meta":{"_crdt_document":"","footnotes":""},"categories":[2],"tags":[],"class_list":["post-59999","post","type-post","status-publish","format-standard","has-post-thumbnail","hentry","category-saglik"],"_links":{"self":[{"href":"https:\/\/www.egemtv.com\/index.php?rest_route=\/wp\/v2\/posts\/59999","targetHints":{"allow":["GET"]}}],"collection":[{"href":"https:\/\/www.egemtv.com\/index.php?rest_route=\/wp\/v2\/posts"}],"about":[{"href":"https:\/\/www.egemtv.com\/index.php?rest_route=\/wp\/v2\/types\/post"}],"author":[{"embeddable":true,"href":"https:\/\/www.egemtv.com\/index.php?rest_route=\/wp\/v2\/users\/1"}],"replies":[{"embeddable":true,"href":"https:\/\/www.egemtv.com\/index.php?rest_route=%2Fwp%2Fv2%2Fcomments&post=59999"}],"version-history":[{"count":1,"href":"https:\/\/www.egemtv.com\/index.php?rest_route=\/wp\/v2\/posts\/59999\/revisions"}],"predecessor-version":[{"id":60001,"href":"https:\/\/www.egemtv.com\/index.php?rest_route=\/wp\/v2\/posts\/59999\/revisions\/60001"}],"wp:featuredmedia":[{"embeddable":true,"href":"https:\/\/www.egemtv.com\/index.php?rest_route=\/wp\/v2\/media\/60000"}],"wp:attachment":[{"href":"https:\/\/www.egemtv.com\/index.php?rest_route=%2Fwp%2Fv2%2Fmedia&parent=59999"}],"wp:term":[{"taxonomy":"category","embeddable":true,"href":"https:\/\/www.egemtv.com\/index.php?rest_route=%2Fwp%2Fv2%2Fcategories&post=59999"},{"taxonomy":"post_tag","embeddable":true,"href":"https:\/\/www.egemtv.com\/index.php?rest_route=%2Fwp%2Fv2%2Ftags&post=59999"}],"curies":[{"name":"wp","href":"https:\/\/api.w.org\/{rel}","templated":true}]}}