{"id":59981,"date":"2025-10-07T20:35:26","date_gmt":"2025-10-07T17:35:26","guid":{"rendered":"https:\/\/www.egemtv.com\/?p=59981"},"modified":"2025-10-07T20:35:27","modified_gmt":"2025-10-07T17:35:27","slug":"aydinda-bilim-merkezi-icin-imzalar-atildi","status":"publish","type":"post","link":"https:\/\/www.egemtv.com\/?p=59981","title":{"rendered":"Ayd\u0131n\u2019da Bilim Merkezi i\u00e7in imzalar at\u0131ld\u0131"},"content":{"rendered":"<p>Ayd\u0131n Tekstil Park\u2019ta at\u0131l vaziyetteki eski fabrika binas\u0131n\u0131n Bilim Merkezi\u2019ne \u00e7evrilmesi i\u00e7in Ayd\u0131n B\u00fcy\u00fck\u015fehir Belediyesi ile T\u00dcB\u0130TAK aras\u0131nda protokol imzaland\u0131. \u0130mza t\u00f6renine kat\u0131lan Sanayi ve Teknoloji Bakan\u0131 Mehmet Fatih Kac\u0131r, &#8220;Ayd\u0131nl\u0131 \u00e7ocuklar\u0131m\u0131z\u0131n gelece\u011fine h\u0131zla sunaca\u011f\u0131z. \u0130n\u015fallah 2026\u2019da Bilim Ayd\u0131n\u2019\u0131n da kurdelesini bir arada kesece\u011fiz&#8221; dedi.<br \/>\n<br \/>Sanayi ve Teknoloji Bakan\u0131 Mehmet Fatih Kac\u0131r, G\u00fcney Ege Kalk\u0131nma Ajans\u0131 (GEKA) Projeleri toplu a\u00e7\u0131l\u0131\u015f t\u00f6reni i\u00e7in Ayd\u0131n\u2019a geldi. GEKA taraf\u0131ndan onaylanan 10 b\u00f6lgesel kalk\u0131nma projesinin toplu a\u00e7\u0131l\u0131\u015f\u0131n\u0131 ger\u00e7ekle\u015ftiren Bakan Kac\u0131r, program sonunda Ayd\u0131nl\u0131 \u00e7ocuklar i\u00e7in de anlaml\u0131 bir projeye imza att\u0131. Ayd\u0131n B\u00fcy\u00fck\u015fehir Belediyesi ve T\u00dcB\u0130TAK aras\u0131nda Ayd\u0131n\u2019a Bilim Merkezi kazand\u0131r\u0131lmas\u0131 i\u00e7in protokol imzaland\u0131.<br \/>\n<br \/>Bakan Kac\u0131r, kurulacak merkezle Ayd\u0131nl\u0131 \u00e7ocuklar\u0131n erken ya\u015fta bilim ve teknoloji ile tan\u0131\u015facaklar\u0131n\u0131 belirtti. Ayd\u0131n B\u00fcy\u00fck\u015fehir Belediye Ba\u015fkan\u0131 \u00d6zlem \u00c7er\u00e7io\u011flu\u2019nun Ayd\u0131n Tekstil Park alan\u0131 i\u00e7erisinde bulunan eski fabrika binas\u0131ndan bahsetti\u011fini ve b\u00f6lgenin Bilim Merkezi olmas\u0131n\u0131 istediklerini ifade eden Bakan Kac\u0131r, &#8220;Bug\u00fcn\u00fcn Ayd\u0131n\u2019a hediyesi oldu. B\u00fcy\u00fck\u015fehir Belediyesi ziyaretimizde \u00d6zlem Ba\u015fkan ile Ayd\u0131nl\u0131 gen\u00e7ler i\u00e7in neler yapabilece\u011fimizi isti\u015fare ettik. Biz T\u00fcrkiye\u2019nin d\u00f6rt bir yan\u0131nda Bilim Merkezleri kuruyoruz. \u00c7ocuklar\u0131m\u0131z \u00e7ok erken ya\u015flarda bilimle, teknolojiyle tan\u0131\u015f\u0131yor. Asl\u0131nda bilimin heyecan\u0131n\u0131 erken ya\u015flarda onlar\u0131n y\u00fcreklerine serpiyoruz. \u00d6zlem Han\u0131m da Tekstil Park\u2019\u0131 anlatt\u0131 ve orada bir Bilim Merkezi\u2019ni hayata ge\u00e7irmek istedik. \u015eimdiden imzalar\u0131n\u0131 att\u0131k. Bu ad\u0131m i\u00e7in te\u015fekk\u00fcr ediyorum. Bu i\u015fi \u00e7ok h\u0131zl\u0131 tamamlayaca\u011f\u0131z. Zaten halihaz\u0131rdaki fabrika binas\u0131n\u0131 d\u00f6n\u00fc\u015ft\u00fcrece\u011fiz. Oray\u0131 Ayd\u0131nl\u0131 \u00e7ocuklar\u0131m\u0131z\u0131n gelece\u011fine h\u0131zla sunaca\u011f\u0131z. 2026\u2019da in\u015fallah Allah nasip ederse Bilim Ayd\u0131n\u2019\u0131n da kurdelesini bir arada keseriz&#8221; dedi.<br \/>\n<br \/>Desteklerinden dolay\u0131 Bakan Kac\u0131r\u2019a te\u015fekk\u00fcr eden Ayd\u0131n B\u00fcy\u00fck\u015fehir Belediye Ba\u015fkan\u0131 \u00d6zlem \u00c7er\u00e7io\u011flu, &#8220;Bakan\u0131m\u0131z b\u00f6yle g\u00fczel bir m\u00fcjdeyi verdi. Ayd\u0131nl\u0131lar ad\u0131na bakan\u0131m\u0131za te\u015fekk\u00fcr ederim. Hay\u0131rl\u0131 olsun&#8221; \u015feklinde konu\u015ftu.<br \/><\/p>\n","protected":false},"excerpt":{"rendered":"<p>Ayd\u0131n Tekstil Park\u2019ta at\u0131l vaziyetteki eski fabrika binas\u0131n\u0131n Bilim Merkezi\u2019ne \u00e7evrilmesi i\u00e7in Ayd\u0131n B\u00fcy\u00fck\u015fehir Belediyesi ile T\u00dcB\u0130TAK aras\u0131nda protokol imzaland\u0131. \u0130mza t\u00f6renine kat\u0131lan Sanayi ve Teknoloji Bakan\u0131 Mehmet Fatih Kac\u0131r, &#8220;Ayd\u0131nl\u0131 \u00e7ocuklar\u0131m\u0131z\u0131n gelece\u011fine h\u0131zla sunaca\u011f\u0131z. \u0130n\u015fallah 2026\u2019da Bilim Ayd\u0131n\u2019\u0131n da kurdelesini bir arada kesece\u011fiz&#8221; dedi. Sanayi ve Teknoloji Bakan\u0131 Mehmet Fatih Kac\u0131r, G\u00fcney Ege Kalk\u0131nma&#8230;<\/p>\n","protected":false},"author":1,"featured_media":59982,"comment_status":"open","ping_status":"open","sticky":false,"template":"","format":"standard","meta":{"_crdt_document":"","footnotes":""},"categories":[124],"tags":[],"class_list":["post-59981","post","type-post","status-publish","format-standard","has-post-thumbnail","hentry","category-bilim"],"_links":{"self":[{"href":"https:\/\/www.egemtv.com\/index.php?rest_route=\/wp\/v2\/posts\/59981","targetHints":{"allow":["GET"]}}],"collection":[{"href":"https:\/\/www.egemtv.com\/index.php?rest_route=\/wp\/v2\/posts"}],"about":[{"href":"https:\/\/www.egemtv.com\/index.php?rest_route=\/wp\/v2\/types\/post"}],"author":[{"embeddable":true,"href":"https:\/\/www.egemtv.com\/index.php?rest_route=\/wp\/v2\/users\/1"}],"replies":[{"embeddable":true,"href":"https:\/\/www.egemtv.com\/index.php?rest_route=%2Fwp%2Fv2%2Fcomments&post=59981"}],"version-history":[{"count":1,"href":"https:\/\/www.egemtv.com\/index.php?rest_route=\/wp\/v2\/posts\/59981\/revisions"}],"predecessor-version":[{"id":59983,"href":"https:\/\/www.egemtv.com\/index.php?rest_route=\/wp\/v2\/posts\/59981\/revisions\/59983"}],"wp:featuredmedia":[{"embeddable":true,"href":"https:\/\/www.egemtv.com\/index.php?rest_route=\/wp\/v2\/media\/59982"}],"wp:attachment":[{"href":"https:\/\/www.egemtv.com\/index.php?rest_route=%2Fwp%2Fv2%2Fmedia&parent=59981"}],"wp:term":[{"taxonomy":"category","embeddable":true,"href":"https:\/\/www.egemtv.com\/index.php?rest_route=%2Fwp%2Fv2%2Fcategories&post=59981"},{"taxonomy":"post_tag","embeddable":true,"href":"https:\/\/www.egemtv.com\/index.php?rest_route=%2Fwp%2Fv2%2Ftags&post=59981"}],"curies":[{"name":"wp","href":"https:\/\/api.w.org\/{rel}","templated":true}]}}