{"id":59978,"date":"2025-10-07T20:35:25","date_gmt":"2025-10-07T17:35:25","guid":{"rendered":"https:\/\/www.egemtv.com\/?p=59978"},"modified":"2025-10-07T20:35:26","modified_gmt":"2025-10-07T17:35:26","slug":"komsu-katili-icin-muebbet-hapis-karari","status":"publish","type":"post","link":"https:\/\/www.egemtv.com\/?p=59978","title":{"rendered":"Kom\u015fu katili i\u00e7in m\u00fcebbet hapis karar\u0131"},"content":{"rendered":"<p>Mu\u011fla\u2019n\u0131n Seydikemer il\u00e7esinde husumetli oldu\u011fu kom\u015fusunu av t\u00fcfe\u011fi ile \u00f6ld\u00fcrd\u00fc\u011f\u00fc iddias\u0131yla yarg\u0131lanan katil zanl\u0131s\u0131 i\u00e7in karar \u00e7\u0131kt\u0131. Kasten \u00f6ld\u00fcrme su\u00e7undan dolay\u0131 m\u00fcebbet hapis cezas\u0131 talebi ile yarg\u0131lanan katil zanl\u0131s\u0131 Bayram A. (62) Fethiye 1. A\u011f\u0131r Ceza Mahkemesi\u2019ndeki duru\u015fmada son s\u00f6z\u00fcnde &#8220;\u00d6ld\u00fcrme amac\u0131m olsa birka\u00e7 kez ate\u015f ederdim. B\u00f6yle bir olay ya\u015fad\u0131\u011f\u0131m i\u00e7in \u00e7ok pi\u015fman\u0131m&#8221; ifadelerinde bulundu. Mahkeme Bayram A.\u2019y\u0131 m\u00fcebbet hapis cezas\u0131na \u00e7arpt\u0131r\u0131rken, \u00f6ld\u00fcr\u00fclen Cengiz \u00c7etin\u2019in e\u015fi ve k\u0131zlar\u0131 \u2018Adalet yerini buldu\u2019 ifadelerinde bulundu.<br \/>\n<br \/>Seydikemer \u0130l\u00e7esi Kad\u0131k\u00f6y Mahallesi\u2019nde  Bayram A. (62) yonca y\u00fckl\u00fc trakt\u00f6r\u00fcyle arazisinden ge\u00e7mek isteyen, kom\u015fusu Cengiz \u00c7etin\u2019e (45) av t\u00fcfe\u011fiyle ate\u015f ederek \u00f6l\u00fcm\u00fcne neden olmu\u015ftu. Bayram A. kasten adam \u00f6ld\u00fcrme su\u00e7u nedeniyle m\u00fcebbet hapis cezas\u0131 istemi ile yarg\u0131land\u0131\u011f\u0131 davan\u0131n son duru\u015fmas\u0131nda son s\u00f6z\u00fcnde &#8220;\u00d6ld\u00fcrme amac\u0131yla ate\u015f etmedim. Havaya ate\u015f etmek istedim. \u00d6ld\u00fcrme kast\u0131yla ate\u015f etsem birka\u00e7 kez ate\u015f ederdim. B\u00f6yle bir olay ya\u015fad\u0131\u011f\u0131m i\u00e7in \u00e7ok pi\u015fman\u0131m&#8221; ifadelerinde bulundu.<br \/>\n<br \/>Fethiye 1. A\u011f\u0131r Ceza Mahkemesi\u2019ndeki karar duru\u015fmas\u0131na \u00f6len Cengiz \u00c7etin\u2019in e\u015fi, annesi, k\u0131zlar\u0131 ve avukatlar\u0131 ile taraf avukat\u0131 kat\u0131ld\u0131. Cengiz \u00c7etin\u2019in e\u015fi Deniz \u00c7etin ve k\u0131zlar\u0131 Kadriye ve Zehra \u00c7etin de \u015fikayet\u00e7i olduklar\u0131n\u0131 belirterek, &#8220;Babam vefat etti\u011fi i\u00e7in biz \u00e7ok zor durumda kald\u0131k. En a\u011f\u0131r \u015fekilde cezaland\u0131r\u0131ls\u0131n&#8221; dediler.<br \/>\n<br \/>San\u0131k Bayram A. ve taraf avukatlar\u0131n\u0131n yapt\u0131\u011f\u0131 savunman\u0131n ard\u0131ndan verilen 15 dakika ara sonras\u0131 karar a\u00e7\u0131kland\u0131. Fethiye 1. A\u011f\u0131r Ceza Mahkemesi Ba\u015fkan\u0131, tutuklu san\u0131k Bayram A.\u2019n\u0131n kasten adam \u00f6ld\u00fcrme su\u00e7undan m\u00fcebbet hapis cezas\u0131na \u00e7arpt\u0131r\u0131ld\u0131\u011f\u0131n\u0131, indirim uygulanmad\u0131\u011f\u0131n\u0131 ve tutuklulu\u011funun devam\u0131na karar verildi\u011fini bildirdi.<br \/>\n<br \/>Bayram A. ve avukat\u0131n\u0131n olayda haks\u0131z tahrik bulundu\u011fu iddias\u0131yla karar\u0131 istinaf mahkemesine ta\u015f\u0131yacaklar\u0131 \u00f6\u011frenildi.<br \/>\n<br \/>&#8220;Adalet Yerini Buldu&#8221;<br \/>\n<br \/>\u00d6ld\u00fcr\u00fclen Cengiz \u00c7etin\u2019in k\u0131z\u0131 Kadriye \u00c7etin duru\u015fmadan sonra yapt\u0131\u011f\u0131 a\u00e7\u0131klamada, &#8220;Adalet yerini buldu. Zor durumda olan insanlar i\u00e7in de daha iyi olur. San\u0131k m\u00fcebbet hapis cezas\u0131na \u00e7arpt\u0131r\u0131ld\u0131. \u0130ndirim verilmedi. Bu karar bizi ferahlatt\u0131&#8221; derken, \u00f6ld\u00fcr\u00fclen Cengiz \u00c7etin\u2019in e\u015fi Deniz \u00c7etin ise, &#8220;Adalete g\u00fcveniyorduk. Adalet yerini buldu&#8221; dedi.<\/p>\n","protected":false},"excerpt":{"rendered":"<p>Mu\u011fla\u2019n\u0131n Seydikemer il\u00e7esinde husumetli oldu\u011fu kom\u015fusunu av t\u00fcfe\u011fi ile \u00f6ld\u00fcrd\u00fc\u011f\u00fc iddias\u0131yla yarg\u0131lanan katil zanl\u0131s\u0131 i\u00e7in karar \u00e7\u0131kt\u0131. Kasten \u00f6ld\u00fcrme su\u00e7undan dolay\u0131 m\u00fcebbet hapis cezas\u0131 talebi ile yarg\u0131lanan katil zanl\u0131s\u0131 Bayram A. (62) Fethiye 1. A\u011f\u0131r Ceza Mahkemesi\u2019ndeki duru\u015fmada son s\u00f6z\u00fcnde &#8220;\u00d6ld\u00fcrme amac\u0131m olsa birka\u00e7 kez ate\u015f ederdim. B\u00f6yle bir olay ya\u015fad\u0131\u011f\u0131m i\u00e7in \u00e7ok pi\u015fman\u0131m&#8221; ifadelerinde&#8230;<\/p>\n","protected":false},"author":1,"featured_media":59979,"comment_status":"open","ping_status":"open","sticky":false,"template":"","format":"standard","meta":{"_crdt_document":"","footnotes":""},"categories":[5],"tags":[],"class_list":["post-59978","post","type-post","status-publish","format-standard","has-post-thumbnail","hentry","category-asayis"],"_links":{"self":[{"href":"https:\/\/www.egemtv.com\/index.php?rest_route=\/wp\/v2\/posts\/59978","targetHints":{"allow":["GET"]}}],"collection":[{"href":"https:\/\/www.egemtv.com\/index.php?rest_route=\/wp\/v2\/posts"}],"about":[{"href":"https:\/\/www.egemtv.com\/index.php?rest_route=\/wp\/v2\/types\/post"}],"author":[{"embeddable":true,"href":"https:\/\/www.egemtv.com\/index.php?rest_route=\/wp\/v2\/users\/1"}],"replies":[{"embeddable":true,"href":"https:\/\/www.egemtv.com\/index.php?rest_route=%2Fwp%2Fv2%2Fcomments&post=59978"}],"version-history":[{"count":1,"href":"https:\/\/www.egemtv.com\/index.php?rest_route=\/wp\/v2\/posts\/59978\/revisions"}],"predecessor-version":[{"id":59980,"href":"https:\/\/www.egemtv.com\/index.php?rest_route=\/wp\/v2\/posts\/59978\/revisions\/59980"}],"wp:featuredmedia":[{"embeddable":true,"href":"https:\/\/www.egemtv.com\/index.php?rest_route=\/wp\/v2\/media\/59979"}],"wp:attachment":[{"href":"https:\/\/www.egemtv.com\/index.php?rest_route=%2Fwp%2Fv2%2Fmedia&parent=59978"}],"wp:term":[{"taxonomy":"category","embeddable":true,"href":"https:\/\/www.egemtv.com\/index.php?rest_route=%2Fwp%2Fv2%2Fcategories&post=59978"},{"taxonomy":"post_tag","embeddable":true,"href":"https:\/\/www.egemtv.com\/index.php?rest_route=%2Fwp%2Fv2%2Ftags&post=59978"}],"curies":[{"name":"wp","href":"https:\/\/api.w.org\/{rel}","templated":true}]}}