{"id":59975,"date":"2025-10-07T18:34:49","date_gmt":"2025-10-07T15:34:49","guid":{"rendered":"https:\/\/www.egemtv.com\/?p=59975"},"modified":"2025-10-07T18:34:50","modified_gmt":"2025-10-07T15:34:50","slug":"mhp-soke-ilce-baskanligina-selcuk-atandi","status":"publish","type":"post","link":"https:\/\/www.egemtv.com\/?p=59975","title":{"rendered":"MHP S\u00f6ke \u0130l\u00e7e Ba\u015fkanl\u0131\u011f\u0131na Sel\u00e7uk atand\u0131"},"content":{"rendered":"<p>Milliyet\u00e7i Hareket Partisi (MHP) S\u00f6ke \u0130l\u00e7e Te\u015fkilat\u0131\u2019nda \u0130l\u00e7e Ba\u015fkan\u0131 Mehmet Ta\u015fyumru\u2019nun istifas\u0131n\u0131n ard\u0131ndan bo\u015falan koltu\u011fa G\u00fcrhan Sel\u00e7uk getirildi.<\/p>\n<p>MHP Ayd\u0131n \u0130l Ba\u015fkan\u0131 Haluk Al\u0131c\u0131k\u2019\u0131n Ankara\u2019da parti genel merkezinde ger\u00e7ekle\u015ftirdi\u011fi g\u00f6r\u00fc\u015fmeler sonucunda yeni il\u00e7e ba\u015fkan\u0131n\u0131n ismi netle\u015fti. Yap\u0131lan de\u011ferlendirmelerin ard\u0131ndan G\u00fcrhan Sel\u00e7uk\u2019un MHP S\u00f6ke \u0130l\u00e7e Ba\u015fkanl\u0131\u011f\u0131 g\u00f6revine atanmas\u0131na karar verildi.<br \/><\/p>\n","protected":false},"excerpt":{"rendered":"<p>Milliyet\u00e7i Hareket Partisi (MHP) S\u00f6ke \u0130l\u00e7e Te\u015fkilat\u0131\u2019nda \u0130l\u00e7e Ba\u015fkan\u0131 Mehmet Ta\u015fyumru\u2019nun istifas\u0131n\u0131n ard\u0131ndan bo\u015falan koltu\u011fa G\u00fcrhan Sel\u00e7uk getirildi. MHP Ayd\u0131n \u0130l Ba\u015fkan\u0131 Haluk Al\u0131c\u0131k\u2019\u0131n Ankara\u2019da parti genel merkezinde ger\u00e7ekle\u015ftirdi\u011fi g\u00f6r\u00fc\u015fmeler sonucunda yeni il\u00e7e ba\u015fkan\u0131n\u0131n ismi netle\u015fti. Yap\u0131lan de\u011ferlendirmelerin ard\u0131ndan G\u00fcrhan Sel\u00e7uk\u2019un MHP S\u00f6ke \u0130l\u00e7e Ba\u015fkanl\u0131\u011f\u0131 g\u00f6revine atanmas\u0131na karar verildi.<\/p>\n","protected":false},"author":1,"featured_media":59976,"comment_status":"open","ping_status":"open","sticky":false,"template":"","format":"standard","meta":{"_crdt_document":"","footnotes":""},"categories":[127],"tags":[],"class_list":["post-59975","post","type-post","status-publish","format-standard","has-post-thumbnail","hentry","category-siyaset"],"_links":{"self":[{"href":"https:\/\/www.egemtv.com\/index.php?rest_route=\/wp\/v2\/posts\/59975","targetHints":{"allow":["GET"]}}],"collection":[{"href":"https:\/\/www.egemtv.com\/index.php?rest_route=\/wp\/v2\/posts"}],"about":[{"href":"https:\/\/www.egemtv.com\/index.php?rest_route=\/wp\/v2\/types\/post"}],"author":[{"embeddable":true,"href":"https:\/\/www.egemtv.com\/index.php?rest_route=\/wp\/v2\/users\/1"}],"replies":[{"embeddable":true,"href":"https:\/\/www.egemtv.com\/index.php?rest_route=%2Fwp%2Fv2%2Fcomments&post=59975"}],"version-history":[{"count":1,"href":"https:\/\/www.egemtv.com\/index.php?rest_route=\/wp\/v2\/posts\/59975\/revisions"}],"predecessor-version":[{"id":59977,"href":"https:\/\/www.egemtv.com\/index.php?rest_route=\/wp\/v2\/posts\/59975\/revisions\/59977"}],"wp:featuredmedia":[{"embeddable":true,"href":"https:\/\/www.egemtv.com\/index.php?rest_route=\/wp\/v2\/media\/59976"}],"wp:attachment":[{"href":"https:\/\/www.egemtv.com\/index.php?rest_route=%2Fwp%2Fv2%2Fmedia&parent=59975"}],"wp:term":[{"taxonomy":"category","embeddable":true,"href":"https:\/\/www.egemtv.com\/index.php?rest_route=%2Fwp%2Fv2%2Fcategories&post=59975"},{"taxonomy":"post_tag","embeddable":true,"href":"https:\/\/www.egemtv.com\/index.php?rest_route=%2Fwp%2Fv2%2Ftags&post=59975"}],"curies":[{"name":"wp","href":"https:\/\/api.w.org\/{rel}","templated":true}]}}