{"id":59969,"date":"2025-10-07T18:15:24","date_gmt":"2025-10-07T15:15:24","guid":{"rendered":"https:\/\/www.egemtv.com\/?p=59969"},"modified":"2025-10-07T18:15:25","modified_gmt":"2025-10-07T15:15:25","slug":"kayganlasan-yolda-otomobil-istinat-duvarina-carpti-kari-koca-hayatini-kaybetti","status":"publish","type":"post","link":"https:\/\/www.egemtv.com\/?p=59969","title":{"rendered":"Kayganla\u015fan yolda otomobil istinat duvar\u0131na \u00e7arpt\u0131: Kar\u0131 koca hayat\u0131n\u0131 kaybetti"},"content":{"rendered":"<p>K\u00fctahya\u2019n\u0131n Emet il\u00e7esinde sa\u011fanak nedeniyle kayganla\u015fan yolda kontrolden \u00e7\u0131kan otomobilin istinat duvar\u0131na \u00e7arpt\u0131\u011f\u0131 kazada kar\u0131 koca hayat\u0131n\u0131 kaybetti.<br \/>\n<br \/>Edinilen bilgiye g\u00f6re, Tav\u015fanl\u0131\u2019dan Emet istikametine seyir halinde olan Durali Dur y\u00f6netimindeki 43 KR 173 plakal\u0131 otomobil, S\u00fclye k\u00f6y\u00fc mevkiinde a\u015f\u0131r\u0131 ya\u011f\u0131\u015f nedeniyle kayganla\u015fan yolda s\u00fcr\u00fcc\u00fcn\u00fcn direksiyon hakimiyetini kaybetmesi sonucu \u00f6nce \u015farampole girdi, ard\u0131ndan istinat duvar\u0131na \u00e7arpt\u0131.<br \/>\n<br \/>\u0130hbar \u00fczerine kaza mahalline sa\u011fl\u0131k, itfaiye ve g\u00fcvenlik g\u00fc\u00e7leri sevk edildi. Kazada ara\u00e7ta bulunan Dudu Dur (67) olay yerinde hayat\u0131n\u0131 kaybederken \u015fof\u00f6r e\u015fi Durali Dur (67), ara\u00e7ta s\u0131k\u0131\u015ft\u0131. Yaral\u0131 s\u00fcr\u00fcc\u00fc Emet Belediyesi \u0130tfaiye kurtarma ekibinin yo\u011fun u\u011fra\u015flar\u0131 sonucu ara\u00e7tan \u00e7\u0131kar\u0131lmas\u0131n\u0131n ard\u0131ndan sevk edildi\u011fi Emet Dr. Faz\u0131l Do\u011fan Devlet Hastanesinde doktorlar\u0131n m\u00fcdahalesine ra\u011fmen kurtar\u0131lamad\u0131.<br \/>\n<br \/>Kazayla ilgili soru\u015fturma s\u00fcr\u00fcyor.<br \/><\/p>\n","protected":false},"excerpt":{"rendered":"<p>K\u00fctahya\u2019n\u0131n Emet il\u00e7esinde sa\u011fanak nedeniyle kayganla\u015fan yolda kontrolden \u00e7\u0131kan otomobilin istinat duvar\u0131na \u00e7arpt\u0131\u011f\u0131 kazada kar\u0131 koca hayat\u0131n\u0131 kaybetti. Edinilen bilgiye g\u00f6re, Tav\u015fanl\u0131\u2019dan Emet istikametine seyir halinde olan Durali Dur y\u00f6netimindeki 43 KR 173 plakal\u0131 otomobil, S\u00fclye k\u00f6y\u00fc mevkiinde a\u015f\u0131r\u0131 ya\u011f\u0131\u015f nedeniyle kayganla\u015fan yolda s\u00fcr\u00fcc\u00fcn\u00fcn direksiyon hakimiyetini kaybetmesi sonucu \u00f6nce \u015farampole girdi, ard\u0131ndan istinat duvar\u0131na \u00e7arpt\u0131&#8230;.<\/p>\n","protected":false},"author":1,"featured_media":59970,"comment_status":"open","ping_status":"open","sticky":false,"template":"","format":"standard","meta":{"_crdt_document":"","footnotes":""},"categories":[5],"tags":[],"class_list":["post-59969","post","type-post","status-publish","format-standard","has-post-thumbnail","hentry","category-asayis"],"_links":{"self":[{"href":"https:\/\/www.egemtv.com\/index.php?rest_route=\/wp\/v2\/posts\/59969","targetHints":{"allow":["GET"]}}],"collection":[{"href":"https:\/\/www.egemtv.com\/index.php?rest_route=\/wp\/v2\/posts"}],"about":[{"href":"https:\/\/www.egemtv.com\/index.php?rest_route=\/wp\/v2\/types\/post"}],"author":[{"embeddable":true,"href":"https:\/\/www.egemtv.com\/index.php?rest_route=\/wp\/v2\/users\/1"}],"replies":[{"embeddable":true,"href":"https:\/\/www.egemtv.com\/index.php?rest_route=%2Fwp%2Fv2%2Fcomments&post=59969"}],"version-history":[{"count":1,"href":"https:\/\/www.egemtv.com\/index.php?rest_route=\/wp\/v2\/posts\/59969\/revisions"}],"predecessor-version":[{"id":59971,"href":"https:\/\/www.egemtv.com\/index.php?rest_route=\/wp\/v2\/posts\/59969\/revisions\/59971"}],"wp:featuredmedia":[{"embeddable":true,"href":"https:\/\/www.egemtv.com\/index.php?rest_route=\/wp\/v2\/media\/59970"}],"wp:attachment":[{"href":"https:\/\/www.egemtv.com\/index.php?rest_route=%2Fwp%2Fv2%2Fmedia&parent=59969"}],"wp:term":[{"taxonomy":"category","embeddable":true,"href":"https:\/\/www.egemtv.com\/index.php?rest_route=%2Fwp%2Fv2%2Fcategories&post=59969"},{"taxonomy":"post_tag","embeddable":true,"href":"https:\/\/www.egemtv.com\/index.php?rest_route=%2Fwp%2Fv2%2Ftags&post=59969"}],"curies":[{"name":"wp","href":"https:\/\/api.w.org\/{rel}","templated":true}]}}