{"id":59966,"date":"2025-10-07T17:35:10","date_gmt":"2025-10-07T14:35:10","guid":{"rendered":"https:\/\/www.egemtv.com\/?p=59966"},"modified":"2025-10-07T17:35:11","modified_gmt":"2025-10-07T14:35:11","slug":"izmirdeki-saganak-bozuk-yollari-dere-yatagina-cevirdi","status":"publish","type":"post","link":"https:\/\/www.egemtv.com\/?p=59966","title":{"rendered":"\u0130zmir\u2019deki sa\u011fanak bozuk yollar\u0131 dere yata\u011f\u0131na \u00e7evirdi"},"content":{"rendered":"<p>\u0130zmir\u2019in Bayrakl\u0131 il\u00e7esinde etkili olan sa\u011fanak ya\u011f\u0131\u015f, hayat\u0131 olumsuz etkiledi. K\u0131sa s\u00fcrede \u015fiddetini art\u0131ran ya\u011fmur nedeniyle bozuk yollar dere yata\u011f\u0131na d\u00f6nerken, sokaklarda biriken toprak ve ta\u015f y\u0131\u011f\u0131nlar\u0131 nedeniyle vatanda\u015flar y\u00fcr\u00fcmekte g\u00fc\u00e7l\u00fck \u00e7ekti.<br \/>\n<br \/>\u0130zmir\u2019de d\u00fcn ak\u015fam saatlerinde ba\u015flay\u0131p, aral\u0131klarla devam eden sa\u011fanak etkisini s\u00fcrd\u00fcr\u00fcrken, kent merkezindeki baz\u0131 cadde ve sokaklar suyla doldu. \u00d6zellikle Bayrakl\u0131 il\u00e7esinde ya\u011f\u0131\u015fla birlikte altyap\u0131 \u00e7al\u0131\u015fmalar\u0131 nedeniyle kaz\u0131lm\u0131\u015f olan yollar dere yata\u011f\u0131na d\u00f6nd\u00fc. Ya\u011fmur sular\u0131n\u0131n s\u00fcr\u00fckledi\u011fi toprak ve ta\u015f birikintileri, ula\u015f\u0131mda aksamaya yol a\u00e7t\u0131. Mahalle sakinleri, baz\u0131 noktalarda su birikintilerinin metrelerce geni\u015fli\u011fe ula\u015ft\u0131\u011f\u0131n\u0131, kaz\u0131 alanlar\u0131nda ise yar\u0131m metreyi bulan g\u00f6\u00e7\u00fcklerin olu\u015ftu\u011funu belirtti.<\/p>\n<p>&#8220;\u0130zmir Gaz\u2019\u0131n \u00e7al\u0131\u015fmalar\u0131 y\u00fcz\u00fcnden ma\u011fduruz&#8221;<br \/>\n<br \/>Yol kaz\u0131lar\u0131ndan dolay\u0131 ya\u011fmur suyunun evini bah\u00e7esine doldu\u011funu belirten Y\u0131lmaz \u00c7akmak, &#8220;\u0130zmir Gaz\u2019\u0131n \u00e7al\u0131\u015fmalar\u0131 y\u00fcz\u00fcnden ma\u011fduruz. Gelip yap\u0131yorlar, sonra \u00f6ylece b\u0131rak\u0131yorlar. \u00dcst\u00fcne bir de kazmay\u0131 vurup gidiyorlar. Su bask\u0131n\u0131ndan ku\u015flar\u0131m telef oldu. Kap\u0131n\u0131n \u00f6n\u00fc tamamen dere yata\u011f\u0131na d\u00f6nm\u00fc\u015f. Ya\u011fmur ya\u011fd\u0131, g\u00f6rd\u00fcn\u00fcz, bu hale geldik. Rezilli\u011fin daniskas\u0131. Bir ya\u011fmur ya\u011f\u0131nca buran\u0131n b\u00fct\u00fcn pisli\u011fi ortaya \u00e7\u0131k\u0131yor. Ba\u015ftan savma i\u015fler yap\u0131p gidiyorlar. Zaten alt yap\u0131 \u00e7al\u0131\u015fmalar\u0131 da yok. Her \u015fey g\u00f6z\u00fcn\u00fcz\u00fcn \u00f6n\u00fcnde. Bir su bask\u0131n\u0131yla her yer mahvoldu, darmada\u011f\u0131n oldu. Her ya\u011fmurda ayn\u0131 \u015feyi ya\u015f\u0131yoruz&#8221; dedi.<br \/>\n<br \/>Yollardaki kum ve ta\u015f birikintilerinden dolay\u0131 y\u00fcr\u00fcmekte g\u00fc\u00e7l\u00fck \u00e7ektiklerini vurgulayan Serkan Acar, &#8220;Bozuk yollar\u0131 toprakla kapatt\u0131lar. Biz de \u2018Kapat\u0131n buray\u0131, bak bug\u00fcn yar\u0131n ya\u011fmur ya\u011facak\u2019 dedik. \u015eimdi ya\u011fmur ya\u011fd\u0131, toprak iyice geldi. Bug\u00fcn de geliyorlar, kep\u00e7eyle buray\u0131 topluyorlar. Yar\u0131n yine toprak atacaklar, yine ya\u011fmur gelecek. Herkesin evinin civar\u0131, sokak aralar\u0131 hep toprak ve ta\u015f olmu\u015f. Buna art\u0131k dur desinler. Kimse bir \u015fey yapm\u0131yor. Belediye de i\u015f yapm\u0131yor bir kere. Mahalle aralar\u0131 her yer toprak, arabalar\u0131n alt tak\u0131mlar\u0131 zarar g\u00f6r\u00fcyor. Benim kap\u0131m\u0131n \u00f6n\u00fcne kadar gelmi\u015f. Bir an \u00f6nce kapats\u0131nlar buralar\u0131&#8221; diye ekledi.<br \/><\/p>\n","protected":false},"excerpt":{"rendered":"<p>\u0130zmir\u2019in Bayrakl\u0131 il\u00e7esinde etkili olan sa\u011fanak ya\u011f\u0131\u015f, hayat\u0131 olumsuz etkiledi. K\u0131sa s\u00fcrede \u015fiddetini art\u0131ran ya\u011fmur nedeniyle bozuk yollar dere yata\u011f\u0131na d\u00f6nerken, sokaklarda biriken toprak ve ta\u015f y\u0131\u011f\u0131nlar\u0131 nedeniyle vatanda\u015flar y\u00fcr\u00fcmekte g\u00fc\u00e7l\u00fck \u00e7ekti. \u0130zmir\u2019de d\u00fcn ak\u015fam saatlerinde ba\u015flay\u0131p, aral\u0131klarla devam eden sa\u011fanak etkisini s\u00fcrd\u00fcr\u00fcrken, kent merkezindeki baz\u0131 cadde ve sokaklar suyla doldu. \u00d6zellikle Bayrakl\u0131 il\u00e7esinde ya\u011f\u0131\u015fla&#8230;<\/p>\n","protected":false},"author":1,"featured_media":59967,"comment_status":"open","ping_status":"open","sticky":false,"template":"","format":"standard","meta":{"_crdt_document":"","footnotes":""},"categories":[1],"tags":[],"class_list":["post-59966","post","type-post","status-publish","format-standard","has-post-thumbnail","hentry","category-guncel"],"_links":{"self":[{"href":"https:\/\/www.egemtv.com\/index.php?rest_route=\/wp\/v2\/posts\/59966","targetHints":{"allow":["GET"]}}],"collection":[{"href":"https:\/\/www.egemtv.com\/index.php?rest_route=\/wp\/v2\/posts"}],"about":[{"href":"https:\/\/www.egemtv.com\/index.php?rest_route=\/wp\/v2\/types\/post"}],"author":[{"embeddable":true,"href":"https:\/\/www.egemtv.com\/index.php?rest_route=\/wp\/v2\/users\/1"}],"replies":[{"embeddable":true,"href":"https:\/\/www.egemtv.com\/index.php?rest_route=%2Fwp%2Fv2%2Fcomments&post=59966"}],"version-history":[{"count":1,"href":"https:\/\/www.egemtv.com\/index.php?rest_route=\/wp\/v2\/posts\/59966\/revisions"}],"predecessor-version":[{"id":59968,"href":"https:\/\/www.egemtv.com\/index.php?rest_route=\/wp\/v2\/posts\/59966\/revisions\/59968"}],"wp:featuredmedia":[{"embeddable":true,"href":"https:\/\/www.egemtv.com\/index.php?rest_route=\/wp\/v2\/media\/59967"}],"wp:attachment":[{"href":"https:\/\/www.egemtv.com\/index.php?rest_route=%2Fwp%2Fv2%2Fmedia&parent=59966"}],"wp:term":[{"taxonomy":"category","embeddable":true,"href":"https:\/\/www.egemtv.com\/index.php?rest_route=%2Fwp%2Fv2%2Fcategories&post=59966"},{"taxonomy":"post_tag","embeddable":true,"href":"https:\/\/www.egemtv.com\/index.php?rest_route=%2Fwp%2Fv2%2Ftags&post=59966"}],"curies":[{"name":"wp","href":"https:\/\/api.w.org\/{rel}","templated":true}]}}