{"id":59948,"date":"2025-10-07T16:34:40","date_gmt":"2025-10-07T13:34:40","guid":{"rendered":"https:\/\/www.egemtv.com\/?p=59948"},"modified":"2025-10-07T16:34:40","modified_gmt":"2025-10-07T13:34:40","slug":"nitelikli-insan-kaynagi-icin-elmas-programi","status":"publish","type":"post","link":"https:\/\/www.egemtv.com\/?p=59948","title":{"rendered":"Nitelikli insan kayna\u011f\u0131 i\u00e7in elmas program\u0131"},"content":{"rendered":"<p>Savunma Sanayii Ba\u015fkanl\u0131\u011f\u0131 ve Milli E\u011fitim Bakanl\u0131\u011f\u0131 i\u015f birli\u011fiyle y\u00fcr\u00fct\u00fclen Milli Yetkinlik Hamlesi-ELMAS Program\u0131 kapsam\u0131nda d\u00fczenlenen Mesleki E\u011fitim \u00c7al\u0131\u015ftay\u0131, Alia\u011fa Belediyesi ev sahipli\u011finde ger\u00e7ekle\u015ftirildi.<br \/>\n<br \/>Alia\u011fa Belediyesi Meclis Salonu\u2019nda d\u00fczenlenen \u00e7al\u0131\u015ftaya; Alia\u011fa Kaymakam\u0131 Zekeriya G\u00fcney, Alia\u011fa Belediye Ba\u015fkan\u0131 Serkan Acar, Savunma Sanayii Ba\u015fkanl\u0131\u011f\u0131 Akademi Ba\u015fkan\u0131 Prof. Dr. Cenk Akta\u015f, Milli E\u011fitim Mesleki ve Teknik E\u011fitim M\u00fcd\u00fcrl\u00fc\u011f\u00fc Daire Ba\u015fkan\u0131 Ercan Alpay, Savunma Sanayii Akademi Programlar Koordinat\u00f6r\u00fc Do\u00e7. Dr. Sinan Keskin, Savunma Sanayii Akademi Yetkinlik Geli\u015fim M\u00fcd\u00fcr\u00fc Veda Duman Kantarc\u0131o\u011flu, \u0130l Milli E\u011fitim M\u00fcd\u00fcr Yard\u0131mc\u0131s\u0131 Firdevs \u00c7atalkaya, \u0130l Milli E\u011fitim \u015eube M\u00fcd\u00fcr\u00fc Abdullah Kotay, Alia\u011fa Ticaret Odas\u0131 Ba\u015fkan\u0131 \u00d6mer Ert\u00fcrk, Alia\u011fa Esnaf ve Sanatk\u00e2rlar Odas\u0131 Ba\u015fkan\u0131 Serdar Berk, TOBB ALOSB\u0130 Mesleki ve Teknik Anadolu Lisesi M\u00fcd\u00fcr\u00fc Melike Cantop\u00e7u, i\u015f insanlar\u0131, kurum m\u00fcd\u00fcrleri, siyasi parti temsilcileri ve vatanda\u015flar kat\u0131ld\u0131.<\/p>\n<p>Nitelikli insan kayna\u011f\u0131 i\u00e7in elmas program\u0131<br \/>\n<br \/>Milli E\u011fitim Bakanl\u0131\u011f\u0131 ve Savunma Sanayii Ba\u015fkanl\u0131\u011f\u0131 i\u015f birli\u011fiyle y\u00fcr\u00fct\u00fclen ELMAS Program\u0131, savunma sanayinde ihtiya\u00e7 duyulan nitelikli i\u015f g\u00fcc\u00fcn\u00fc yeti\u015ftirmeyi hedefliyor. Program kapsam\u0131nda, pilot olarak se\u00e7ilen okullarda e\u011fitim altyap\u0131s\u0131n\u0131n g\u00fc\u00e7lendirilmesi, m\u00fcfredat\u0131n savunma sanayinin ihtiya\u00e7lar\u0131na g\u00f6re g\u00fcncellenmesi, \u00f6\u011frencilerin uygulamal\u0131 e\u011fitim, staj ve istihdam imkanlar\u0131yla desteklenmesi planlan\u0131yor.<\/p>\n<p>ALOSB\u0130 MTAL, T\u00fcrkiye\u2019deki 13 pilot okuldan biri oldu<br \/>\n<br \/>Savunma Sanayii Ba\u015fkanl\u0131\u011f\u0131 ile Milli E\u011fitim Bakanl\u0131\u011f\u0131 aras\u0131nda y\u00fcr\u00fct\u00fclen i\u015f birli\u011fi \u00e7er\u00e7evesinde, T\u00fcrkiye genelinde 13 Mesleki ve Teknik Anadolu Lisesi ELMAS Program\u0131 kapsam\u0131na al\u0131nd\u0131. Bu okullar; geli\u015fime a\u00e7\u0131kl\u0131\u011f\u0131, stratejik konumu, savunma sanayine yak\u0131nl\u0131\u011f\u0131 ve teknik yeterlilikleri g\u00f6z \u00f6n\u00fcnde bulundurularak se\u00e7ildi.<br \/>\n<br \/>Bu kapsamda, T\u00fcrkiye Odalar ve Borsalar Birli\u011fi ALOSB\u0130 Mesleki ve Teknik Anadolu Lisesi de programa dahil edildi. Okul M\u00fcd\u00fcr\u00fc Melike Cantop\u00e7u, a\u00e7\u0131l\u0131\u015f konu\u015fmas\u0131nda okulun mevcut b\u00f6l\u00fcmlerini, fiziki kapasitesini, \u00f6\u011fretmen ve \u00f6\u011frenci profillerini, y\u00fcr\u00fct\u00fclen projeleri ve ELMAS Program\u0131 kapsam\u0131nda planlanan yeni b\u00f6l\u00fcmleri anlatt\u0131.<\/p>\n<p>&#8220;Elmas projesi ile gen\u00e7lerin ufuklar\u0131 a\u00e7\u0131lacak&#8221;<br \/>\n<br \/>Alia\u011fa Kaymakam\u0131 Zekeriya G\u00fcney, program\u0131n il\u00e7eye kazand\u0131r\u0131lmas\u0131ndan duydu\u011fu memnuniyeti dile getirerek \u015fu ifadeleri kulland\u0131: &#8220;Alia\u011fa\u2019da Milli Yetkinlik Hamlesi kapsam\u0131nda ELMAS Projesine T\u00fcrkiye genelinde se\u00e7ilen 13 okuldan birinin il\u00e7emizde bulunmas\u0131 bizleri gururland\u0131r\u0131yor. Okulumuzun proje sayesinde kendisini daha da geli\u015ftirerek gen\u00e7lerimizin ufkunu a\u00e7aca\u011f\u0131na, \u00fclkemize ve milletimize \u00f6nemli katk\u0131lar sunaca\u011f\u0131na inan\u0131yorum. Bu projenin il\u00e7emizde hayata ge\u00e7irilmesinde eme\u011fi ge\u00e7en herkese te\u015fekk\u00fcr ediyorum.&#8221;<br \/>\n<br \/>Protokol konu\u015fmalar\u0131n\u0131n ard\u0131ndan sanayideki mesleki ve teknik ihtiya\u00e7lara y\u00f6nelik \u00e7evrimi\u00e7i bir anket ger\u00e7ekle\u015ftirildi. Anket sonu\u00e7lar\u0131n\u0131n de\u011ferlendirilmesi ve soru-cevap b\u00f6l\u00fcm\u00fcyle \u00e7al\u0131\u015ftay sona erdi.<br \/><\/p>\n","protected":false},"excerpt":{"rendered":"<p>Savunma Sanayii Ba\u015fkanl\u0131\u011f\u0131 ve Milli E\u011fitim Bakanl\u0131\u011f\u0131 i\u015f birli\u011fiyle y\u00fcr\u00fct\u00fclen Milli Yetkinlik Hamlesi-ELMAS Program\u0131 kapsam\u0131nda d\u00fczenlenen Mesleki E\u011fitim \u00c7al\u0131\u015ftay\u0131, Alia\u011fa Belediyesi ev sahipli\u011finde ger\u00e7ekle\u015ftirildi. Alia\u011fa Belediyesi Meclis Salonu\u2019nda d\u00fczenlenen \u00e7al\u0131\u015ftaya; Alia\u011fa Kaymakam\u0131 Zekeriya G\u00fcney, Alia\u011fa Belediye Ba\u015fkan\u0131 Serkan Acar, Savunma Sanayii Ba\u015fkanl\u0131\u011f\u0131 Akademi Ba\u015fkan\u0131 Prof. Dr. Cenk Akta\u015f, Milli E\u011fitim Mesleki ve Teknik E\u011fitim M\u00fcd\u00fcrl\u00fc\u011f\u00fc&#8230;<\/p>\n","protected":false},"author":1,"featured_media":59949,"comment_status":"open","ping_status":"open","sticky":false,"template":"","format":"standard","meta":{"_crdt_document":"","footnotes":""},"categories":[1],"tags":[],"class_list":["post-59948","post","type-post","status-publish","format-standard","has-post-thumbnail","hentry","category-guncel"],"_links":{"self":[{"href":"https:\/\/www.egemtv.com\/index.php?rest_route=\/wp\/v2\/posts\/59948","targetHints":{"allow":["GET"]}}],"collection":[{"href":"https:\/\/www.egemtv.com\/index.php?rest_route=\/wp\/v2\/posts"}],"about":[{"href":"https:\/\/www.egemtv.com\/index.php?rest_route=\/wp\/v2\/types\/post"}],"author":[{"embeddable":true,"href":"https:\/\/www.egemtv.com\/index.php?rest_route=\/wp\/v2\/users\/1"}],"replies":[{"embeddable":true,"href":"https:\/\/www.egemtv.com\/index.php?rest_route=%2Fwp%2Fv2%2Fcomments&post=59948"}],"version-history":[{"count":1,"href":"https:\/\/www.egemtv.com\/index.php?rest_route=\/wp\/v2\/posts\/59948\/revisions"}],"predecessor-version":[{"id":59950,"href":"https:\/\/www.egemtv.com\/index.php?rest_route=\/wp\/v2\/posts\/59948\/revisions\/59950"}],"wp:featuredmedia":[{"embeddable":true,"href":"https:\/\/www.egemtv.com\/index.php?rest_route=\/wp\/v2\/media\/59949"}],"wp:attachment":[{"href":"https:\/\/www.egemtv.com\/index.php?rest_route=%2Fwp%2Fv2%2Fmedia&parent=59948"}],"wp:term":[{"taxonomy":"category","embeddable":true,"href":"https:\/\/www.egemtv.com\/index.php?rest_route=%2Fwp%2Fv2%2Fcategories&post=59948"},{"taxonomy":"post_tag","embeddable":true,"href":"https:\/\/www.egemtv.com\/index.php?rest_route=%2Fwp%2Fv2%2Ftags&post=59948"}],"curies":[{"name":"wp","href":"https:\/\/api.w.org\/{rel}","templated":true}]}}