{"id":59945,"date":"2025-10-07T16:14:49","date_gmt":"2025-10-07T13:14:49","guid":{"rendered":"https:\/\/www.egemtv.com\/?p=59945"},"modified":"2025-10-07T16:14:50","modified_gmt":"2025-10-07T13:14:50","slug":"kulada-facianin-esiginden-donuldu-otomobil-orta-refuje-cikti","status":"publish","type":"post","link":"https:\/\/www.egemtv.com\/?p=59945","title":{"rendered":"Kula\u2019da facian\u0131n e\u015fi\u011finden d\u00f6n\u00fcld\u00fc: Otomobil orta ref\u00fcje \u00e7\u0131kt\u0131"},"content":{"rendered":"<p>Manisa\u2019n\u0131n Kula il\u00e7esinde ya\u011f\u0131\u015fl\u0131 hava nedeniyle kayganla\u015fan yolda direksiyon hakimiyetini kaybeden otomobil, orta ref\u00fcje \u00e7\u0131karak ayd\u0131nlatma dire\u011fine \u00e7arpt\u0131. Kazada \u015fans eseri yaralanan olmad\u0131.<br \/>\n<br \/>Kaza, saat 15.00 s\u0131ralar\u0131nda \u0130zmir-Ankara D300 Karayolu Kavac\u0131k rampalar\u0131nda meydana geldi. Edinilen bilgiye g\u00f6re, U\u015fak\u2019tan \u0130zmir istikametine seyir halinde olan S.O.D. idaresindeki 35 GD 4335 plakal\u0131 otomobil, ya\u011f\u0131\u015f nedeniyle kayganla\u015fan yolda kontrolden \u00e7\u0131karak orta ref\u00fcje \u00e7\u0131kt\u0131. Ref\u00fcjde bulunan ayd\u0131nlatma dire\u011fine \u00e7arparak durabilen ara\u00e7ta b\u00fcy\u00fck \u00e7apta maddi hasar olu\u015ftu. Otomobil s\u00fcr\u00fcc\u00fcs\u00fc S.O.D. ile ara\u00e7ta yolcu olarak bulunan 2 ki\u015fi kazay\u0131 yara almadan atlatt\u0131.<br \/>\n<br \/>Kaza sebebiyle \u0130zmir-Ankara D300 Karayolu\u2019nun U\u015fak istikametinde trafik ak\u0131\u015f\u0131 bir s\u00fcre tek \u015feritten sa\u011fland\u0131. Otomobilin yoldan kald\u0131r\u0131lmas\u0131n\u0131n ard\u0131ndan trafik normale d\u00f6nd\u00fc.<br \/><\/p>\n","protected":false},"excerpt":{"rendered":"<p>Manisa\u2019n\u0131n Kula il\u00e7esinde ya\u011f\u0131\u015fl\u0131 hava nedeniyle kayganla\u015fan yolda direksiyon hakimiyetini kaybeden otomobil, orta ref\u00fcje \u00e7\u0131karak ayd\u0131nlatma dire\u011fine \u00e7arpt\u0131. Kazada \u015fans eseri yaralanan olmad\u0131. Kaza, saat 15.00 s\u0131ralar\u0131nda \u0130zmir-Ankara D300 Karayolu Kavac\u0131k rampalar\u0131nda meydana geldi. Edinilen bilgiye g\u00f6re, U\u015fak\u2019tan \u0130zmir istikametine seyir halinde olan S.O.D. idaresindeki 35 GD 4335 plakal\u0131 otomobil, ya\u011f\u0131\u015f nedeniyle kayganla\u015fan yolda kontrolden&#8230;<\/p>\n","protected":false},"author":1,"featured_media":59946,"comment_status":"open","ping_status":"open","sticky":false,"template":"","format":"standard","meta":{"_crdt_document":"","footnotes":""},"categories":[5],"tags":[],"class_list":["post-59945","post","type-post","status-publish","format-standard","has-post-thumbnail","hentry","category-asayis"],"_links":{"self":[{"href":"https:\/\/www.egemtv.com\/index.php?rest_route=\/wp\/v2\/posts\/59945","targetHints":{"allow":["GET"]}}],"collection":[{"href":"https:\/\/www.egemtv.com\/index.php?rest_route=\/wp\/v2\/posts"}],"about":[{"href":"https:\/\/www.egemtv.com\/index.php?rest_route=\/wp\/v2\/types\/post"}],"author":[{"embeddable":true,"href":"https:\/\/www.egemtv.com\/index.php?rest_route=\/wp\/v2\/users\/1"}],"replies":[{"embeddable":true,"href":"https:\/\/www.egemtv.com\/index.php?rest_route=%2Fwp%2Fv2%2Fcomments&post=59945"}],"version-history":[{"count":1,"href":"https:\/\/www.egemtv.com\/index.php?rest_route=\/wp\/v2\/posts\/59945\/revisions"}],"predecessor-version":[{"id":59947,"href":"https:\/\/www.egemtv.com\/index.php?rest_route=\/wp\/v2\/posts\/59945\/revisions\/59947"}],"wp:featuredmedia":[{"embeddable":true,"href":"https:\/\/www.egemtv.com\/index.php?rest_route=\/wp\/v2\/media\/59946"}],"wp:attachment":[{"href":"https:\/\/www.egemtv.com\/index.php?rest_route=%2Fwp%2Fv2%2Fmedia&parent=59945"}],"wp:term":[{"taxonomy":"category","embeddable":true,"href":"https:\/\/www.egemtv.com\/index.php?rest_route=%2Fwp%2Fv2%2Fcategories&post=59945"},{"taxonomy":"post_tag","embeddable":true,"href":"https:\/\/www.egemtv.com\/index.php?rest_route=%2Fwp%2Fv2%2Ftags&post=59945"}],"curies":[{"name":"wp","href":"https:\/\/api.w.org\/{rel}","templated":true}]}}