{"id":59942,"date":"2025-10-07T16:14:48","date_gmt":"2025-10-07T13:14:48","guid":{"rendered":"https:\/\/www.egemtv.com\/?p=59942"},"modified":"2025-10-07T16:14:49","modified_gmt":"2025-10-07T13:14:49","slug":"chpli-baskan-yardimcisinin-aracla-carptigi-cocuk-hayatini-kaybetti","status":"publish","type":"post","link":"https:\/\/www.egemtv.com\/?p=59942","title":{"rendered":"CHP\u2019li Ba\u015fkan Yard\u0131mc\u0131s\u0131\u2019n\u0131n ara\u00e7la \u00e7arpt\u0131\u011f\u0131 \u00e7ocuk hayat\u0131n\u0131 kaybetti"},"content":{"rendered":"<p>\u0130zmir\u2019in Sel\u00e7uk il\u00e7esinde 25 Eyl\u00fcl\u2019de CHP Kad\u0131n Kollar\u0131 Genel Ba\u015fkan Yard\u0131mc\u0131s\u0131 \u00dclk\u00fc Ece Bozbay\u2019\u0131n arac\u0131n\u0131n \u00e7arpt\u0131\u011f\u0131 12 ya\u015f\u0131ndaki S\u0131ra\u00e7 \u00d6zberkent, tedavi g\u00f6rd\u00fc\u011f\u00fc hastanede 12 g\u00fcn s\u00fcren ya\u015fam m\u00fccadelesini kaybetti. Kazan\u0131n ard\u0131ndan g\u00f6zalt\u0131na al\u0131nan Bozbay\u2019\u0131n ifadesinin ard\u0131ndan serbest b\u0131rak\u0131ld\u0131\u011f\u0131 \u00f6\u011frenildi.<\/p>\n<p>Kaza, 25 Eyl\u00fcl\u2019de Sel\u00e7uk il\u00e7esi Atat\u00fcrk Caddesi\u2019nde meydana geldi. Cumhuriyet Halk Partisi (CHP) Kad\u0131n Kollar\u0131 Genel Ba\u015fkan Yard\u0131mc\u0131s\u0131 \u00dclk\u00fc Ece Bozbay y\u00f6netimindeki otomobil, yolun kar\u015f\u0131s\u0131na ge\u00e7meye \u00e7al\u0131\u015fan 12 ya\u015f\u0131ndaki ortaokul \u00f6\u011frencisi S\u0131ra\u00e7 \u00d6zberkent\u2019e \u00e7arpt\u0131. \u00c7arpman\u0131n etkisiyle a\u011f\u0131r yaralanan \u00e7ocuk, ambulansla Ege \u00dcniversitesi T\u0131p Fak\u00fcltesi Hastanesine kald\u0131r\u0131ld\u0131. Yo\u011fun bak\u0131mda 12 g\u00fcn boyunca ya\u015fam m\u00fccadelesi veren k\u00fc\u00e7\u00fck S\u0131ra\u00e7, yap\u0131lan t\u00fcm m\u00fcdahalelere ra\u011fmen kurtar\u0131lamad\u0131. \u00d6zberkent\u2019in cenazesi, Sel\u00e7uk\u2019ta \u00f6\u011fle namaz\u0131n\u0131 m\u00fcteakip k\u0131l\u0131nan cenaze namaz\u0131n\u0131n ard\u0131ndan topra\u011fa verildi.<\/p>\n<p>\u00d6te yandan, kazan\u0131n ard\u0131ndan g\u00f6zalt\u0131na al\u0131nan s\u00fcr\u00fcc\u00fc \u00dclk\u00fc Ece Bozbay\u2019\u0131n emniyetteki i\u015flemlerinin ard\u0131ndan serbest b\u0131rak\u0131ld\u0131\u011f\u0131 belirtildi.<br \/><\/p>\n","protected":false},"excerpt":{"rendered":"<p>\u0130zmir\u2019in Sel\u00e7uk il\u00e7esinde 25 Eyl\u00fcl\u2019de CHP Kad\u0131n Kollar\u0131 Genel Ba\u015fkan Yard\u0131mc\u0131s\u0131 \u00dclk\u00fc Ece Bozbay\u2019\u0131n arac\u0131n\u0131n \u00e7arpt\u0131\u011f\u0131 12 ya\u015f\u0131ndaki S\u0131ra\u00e7 \u00d6zberkent, tedavi g\u00f6rd\u00fc\u011f\u00fc hastanede 12 g\u00fcn s\u00fcren ya\u015fam m\u00fccadelesini kaybetti. Kazan\u0131n ard\u0131ndan g\u00f6zalt\u0131na al\u0131nan Bozbay\u2019\u0131n ifadesinin ard\u0131ndan serbest b\u0131rak\u0131ld\u0131\u011f\u0131 \u00f6\u011frenildi. Kaza, 25 Eyl\u00fcl\u2019de Sel\u00e7uk il\u00e7esi Atat\u00fcrk Caddesi\u2019nde meydana geldi. Cumhuriyet Halk Partisi (CHP) Kad\u0131n Kollar\u0131 Genel&#8230;<\/p>\n","protected":false},"author":1,"featured_media":59943,"comment_status":"open","ping_status":"open","sticky":false,"template":"","format":"standard","meta":{"_crdt_document":"","footnotes":""},"categories":[5],"tags":[],"class_list":["post-59942","post","type-post","status-publish","format-standard","has-post-thumbnail","hentry","category-asayis"],"_links":{"self":[{"href":"https:\/\/www.egemtv.com\/index.php?rest_route=\/wp\/v2\/posts\/59942","targetHints":{"allow":["GET"]}}],"collection":[{"href":"https:\/\/www.egemtv.com\/index.php?rest_route=\/wp\/v2\/posts"}],"about":[{"href":"https:\/\/www.egemtv.com\/index.php?rest_route=\/wp\/v2\/types\/post"}],"author":[{"embeddable":true,"href":"https:\/\/www.egemtv.com\/index.php?rest_route=\/wp\/v2\/users\/1"}],"replies":[{"embeddable":true,"href":"https:\/\/www.egemtv.com\/index.php?rest_route=%2Fwp%2Fv2%2Fcomments&post=59942"}],"version-history":[{"count":1,"href":"https:\/\/www.egemtv.com\/index.php?rest_route=\/wp\/v2\/posts\/59942\/revisions"}],"predecessor-version":[{"id":59944,"href":"https:\/\/www.egemtv.com\/index.php?rest_route=\/wp\/v2\/posts\/59942\/revisions\/59944"}],"wp:featuredmedia":[{"embeddable":true,"href":"https:\/\/www.egemtv.com\/index.php?rest_route=\/wp\/v2\/media\/59943"}],"wp:attachment":[{"href":"https:\/\/www.egemtv.com\/index.php?rest_route=%2Fwp%2Fv2%2Fmedia&parent=59942"}],"wp:term":[{"taxonomy":"category","embeddable":true,"href":"https:\/\/www.egemtv.com\/index.php?rest_route=%2Fwp%2Fv2%2Fcategories&post=59942"},{"taxonomy":"post_tag","embeddable":true,"href":"https:\/\/www.egemtv.com\/index.php?rest_route=%2Fwp%2Fv2%2Ftags&post=59942"}],"curies":[{"name":"wp","href":"https:\/\/api.w.org\/{rel}","templated":true}]}}