{"id":59939,"date":"2025-10-07T15:34:44","date_gmt":"2025-10-07T12:34:44","guid":{"rendered":"https:\/\/www.egemtv.com\/?p=59939"},"modified":"2025-10-07T15:34:45","modified_gmt":"2025-10-07T12:34:45","slug":"sarigolde-ben-her-yerde-varim-projesi","status":"publish","type":"post","link":"https:\/\/www.egemtv.com\/?p=59939","title":{"rendered":"Sar\u0131g\u00f6l\u2019de &#8220;Ben Her Yerde Var\u0131m&#8221; projesi"},"content":{"rendered":"<p>Manisa\u2019n\u0131n Sar\u0131g\u00f6l il\u00e7esinde Mesleki ve Teknik Anadolu Lisesi \u00f6\u011fretmen ve \u00f6\u011frencileri, Milli E\u011fitim Bakanl\u0131\u011f\u0131 taraf\u0131ndan ba\u015flat\u0131lan &#8220;Ben Her Yerde Var\u0131m&#8221; projesi kapsam\u0131nda &#8220;Bir kitap, bir \u00e7ocuk, bir gelecek&#8221; slogan\u0131yla kitap ba\u011f\u0131\u015f\u0131 kampanyas\u0131 ger\u00e7ekle\u015ftirdi.<br \/>\n<br \/>Milli E\u011fitim Bakanl\u0131\u011f\u0131 taraf\u0131ndan ba\u015flat\u0131lan ve Sar\u0131g\u00f6l Mesleki ve Teknik Anadolu Liseleri taraf\u0131ndan y\u00fcr\u00fct\u00fclen &#8220;Ben Her Yerde Var\u0131m Projesi&#8221; kapsam\u0131nda \u00f6\u011fretmen ve \u00f6\u011frenciler, &#8220;Bir kitap, bir \u00e7ocuk, bir gelecek&#8221; kitap ba\u011f\u0131\u015f kampanyas\u0131 d\u00fczenledi. Toplanan kitaplar, Sar\u0131g\u00f6l S\u0131\u011f\u0131rtma\u00e7l\u0131 \u0130lkokulu \u00f6\u011frencilerine ula\u015ft\u0131r\u0131ld\u0131.<br \/>\n<br \/>Sar\u0131g\u00f6l \u0130l\u00e7e Milli E\u011fitim M\u00fcd\u00fcr\u00fc Cezmi Y\u0131ld\u0131rak, &#8220;Milli E\u011fitim Bakanl\u0131\u011f\u0131 taraf\u0131nda \u00fclke genelinde ba\u015flat\u0131lan \u2019Ben Her Yerde Var\u0131m\u2019 projesi ile \u0130l\u00e7emiz Mesleki ve Teknik Anadolu Lisesi \u00f6\u011fretmen ve \u00f6\u011frencileri toplad\u0131klar\u0131 ilkokul seviyesindeki kitaplar Sar\u0131g\u00f6l S\u0131\u011f\u0131rtma\u00e7l\u0131 \u0130lkokulu \u00f6\u011frencilerine ula\u015ft\u0131r\u0131ld\u0131. Kitaplar\u0131 da\u011f\u0131tan ve kitaplar\u0131 alan \u00f6\u011frenciler sevin\u00e7leri birlikte ya\u015fad\u0131lar&#8221; dedi.<br \/><\/p>\n","protected":false},"excerpt":{"rendered":"<p>Manisa\u2019n\u0131n Sar\u0131g\u00f6l il\u00e7esinde Mesleki ve Teknik Anadolu Lisesi \u00f6\u011fretmen ve \u00f6\u011frencileri, Milli E\u011fitim Bakanl\u0131\u011f\u0131 taraf\u0131ndan ba\u015flat\u0131lan &#8220;Ben Her Yerde Var\u0131m&#8221; projesi kapsam\u0131nda &#8220;Bir kitap, bir \u00e7ocuk, bir gelecek&#8221; slogan\u0131yla kitap ba\u011f\u0131\u015f\u0131 kampanyas\u0131 ger\u00e7ekle\u015ftirdi. Milli E\u011fitim Bakanl\u0131\u011f\u0131 taraf\u0131ndan ba\u015flat\u0131lan ve Sar\u0131g\u00f6l Mesleki ve Teknik Anadolu Liseleri taraf\u0131ndan y\u00fcr\u00fct\u00fclen &#8220;Ben Her Yerde Var\u0131m Projesi&#8221; kapsam\u0131nda \u00f6\u011fretmen ve&#8230;<\/p>\n","protected":false},"author":1,"featured_media":59940,"comment_status":"open","ping_status":"open","sticky":false,"template":"","format":"standard","meta":{"_crdt_document":"","footnotes":""},"categories":[1],"tags":[],"class_list":["post-59939","post","type-post","status-publish","format-standard","has-post-thumbnail","hentry","category-guncel"],"_links":{"self":[{"href":"https:\/\/www.egemtv.com\/index.php?rest_route=\/wp\/v2\/posts\/59939","targetHints":{"allow":["GET"]}}],"collection":[{"href":"https:\/\/www.egemtv.com\/index.php?rest_route=\/wp\/v2\/posts"}],"about":[{"href":"https:\/\/www.egemtv.com\/index.php?rest_route=\/wp\/v2\/types\/post"}],"author":[{"embeddable":true,"href":"https:\/\/www.egemtv.com\/index.php?rest_route=\/wp\/v2\/users\/1"}],"replies":[{"embeddable":true,"href":"https:\/\/www.egemtv.com\/index.php?rest_route=%2Fwp%2Fv2%2Fcomments&post=59939"}],"version-history":[{"count":1,"href":"https:\/\/www.egemtv.com\/index.php?rest_route=\/wp\/v2\/posts\/59939\/revisions"}],"predecessor-version":[{"id":59941,"href":"https:\/\/www.egemtv.com\/index.php?rest_route=\/wp\/v2\/posts\/59939\/revisions\/59941"}],"wp:featuredmedia":[{"embeddable":true,"href":"https:\/\/www.egemtv.com\/index.php?rest_route=\/wp\/v2\/media\/59940"}],"wp:attachment":[{"href":"https:\/\/www.egemtv.com\/index.php?rest_route=%2Fwp%2Fv2%2Fmedia&parent=59939"}],"wp:term":[{"taxonomy":"category","embeddable":true,"href":"https:\/\/www.egemtv.com\/index.php?rest_route=%2Fwp%2Fv2%2Fcategories&post=59939"},{"taxonomy":"post_tag","embeddable":true,"href":"https:\/\/www.egemtv.com\/index.php?rest_route=%2Fwp%2Fv2%2Ftags&post=59939"}],"curies":[{"name":"wp","href":"https:\/\/api.w.org\/{rel}","templated":true}]}}