{"id":59735,"date":"2025-10-06T18:55:40","date_gmt":"2025-10-06T15:55:40","guid":{"rendered":"https:\/\/www.egemtv.com\/?p=59735"},"modified":"2025-10-06T18:55:41","modified_gmt":"2025-10-06T15:55:41","slug":"muski-yagmur-onlemlerini-almaya-devam-ediyor","status":"publish","type":"post","link":"https:\/\/www.egemtv.com\/?p=59735","title":{"rendered":"MUSK\u0130 ya\u011fmur \u00f6nlemlerini almaya devam ediyor"},"content":{"rendered":"<p>Mu\u011fla B\u00fcy\u00fck\u015fehir Belediyesi Su ve Kanalizasyon \u0130daresi (MUSK\u0130) Genel M\u00fcd\u00fcrl\u00fc\u011f\u00fc Meteoroloji Genel M\u00fcd\u00fcrl\u00fc\u011f\u00fc taraf\u0131ndan yap\u0131lan ya\u011f\u0131\u015f uyar\u0131n\u0131n ard\u0131ndan su bask\u0131n\u0131 ve ta\u015fk\u0131n riskine kar\u015f\u0131 \u00f6nlemlerini daha da artt\u0131rd\u0131.<br \/>\n<br \/>MUSK\u0130 taraf\u0131ndan yap\u0131lan a\u00e7\u0131klamada, &#8220;7 Ekim Sal\u0131 ve 8 Ekim \u00c7ar\u015famba g\u00fcn\u00fc kentimizde ya\u015fanmas\u0131 beklenen yo\u011fun ya\u011f\u0131\u015f nedeniyle meydana gelebilecek olumsuzluklara kar\u015f\u0131 \u00f6nlemlerimizi almaya devam ediyoruz. Bu s\u00fcre\u00e7te su bask\u0131nlar\u0131na kar\u015f\u0131 mazgal, ya\u011fmur suyu ve kanalizasyon hat t\u0131kan\u0131kl\u0131klar\u0131n\u0131 gideriyor, dere a\u011f\u0131zlar\u0131n\u0131 a\u00e7arak su ak\u0131\u015f\u0131n\u0131n sorunsuz olarak sa\u011flanmas\u0131 i\u00e7in t\u00fcm g\u00fcc\u00fcm\u00fczle \u00e7al\u0131\u015f\u0131yoruz. Ayr\u0131ca ya\u011fmur suyu hatlar\u0131nda ger\u00e7ekle\u015ftirdi\u011fimiz temizlik \u00e7al\u0131\u015fmalar\u0131yla \u00f6n\u00fcm\u00fczdeki 2 g\u00fcnde ya\u015fanacak yo\u011fun ya\u011f\u0131\u015f\u0131n olumsuz etkilerini en aza indirmek i\u00e7in gayret b\u00fcy\u00fck sarf ediyoruz. Ya\u011fmur ve f\u0131rt\u0131na s\u0131ras\u0131nda meydana gelebilecek olumsuzluklara an\u0131nda m\u00fcdahale ederek can ve mal kayb\u0131n\u0131n ya\u015fanmamas\u0131 24 saat esas\u0131yla t\u00fcm ekibimizle teyakkuzday\u0131z&#8221; denildi.<br \/>\n<br \/>Vatanda\u015flar\u0131 da uyaran MUSK\u0130 Genel M\u00fcd\u00fcrl\u00fc\u011f\u00fc, &#8220;F\u0131rt\u0131na s\u00fcresince; dere yataklar\u0131 ve su ge\u00e7i\u015f noktalar\u0131ndan uzak durunuz, zorunlu olmad\u0131k\u00e7a trafi\u011fe \u00e7\u0131kmay\u0131n\u0131z, \u00e7at\u0131 u\u00e7mas\u0131, direk ve a\u011fa\u00e7 devrilmesi riskine kar\u015f\u0131 dikkatli olunuz. G\u00f6llenme b\u00f6lgelerine ara\u00e7 park\u0131 yapmay\u0131n\u0131z, ihbar ve acil durumlar i\u00e7in 185 numaral\u0131 \u00e7a\u011fr\u0131 merkezimiz \u00fczerinden bize ula\u015fabilirsiniz&#8221;<br \/><\/p>\n","protected":false},"excerpt":{"rendered":"<p>Mu\u011fla B\u00fcy\u00fck\u015fehir Belediyesi Su ve Kanalizasyon \u0130daresi (MUSK\u0130) Genel M\u00fcd\u00fcrl\u00fc\u011f\u00fc Meteoroloji Genel M\u00fcd\u00fcrl\u00fc\u011f\u00fc taraf\u0131ndan yap\u0131lan ya\u011f\u0131\u015f uyar\u0131n\u0131n ard\u0131ndan su bask\u0131n\u0131 ve ta\u015fk\u0131n riskine kar\u015f\u0131 \u00f6nlemlerini daha da artt\u0131rd\u0131. MUSK\u0130 taraf\u0131ndan yap\u0131lan a\u00e7\u0131klamada, &#8220;7 Ekim Sal\u0131 ve 8 Ekim \u00c7ar\u015famba g\u00fcn\u00fc kentimizde ya\u015fanmas\u0131 beklenen yo\u011fun ya\u011f\u0131\u015f nedeniyle meydana gelebilecek olumsuzluklara kar\u015f\u0131 \u00f6nlemlerimizi almaya devam ediyoruz. Bu&#8230;<\/p>\n","protected":false},"author":1,"featured_media":59736,"comment_status":"open","ping_status":"open","sticky":false,"template":"","format":"standard","meta":{"_crdt_document":"","footnotes":""},"categories":[1],"tags":[],"class_list":["post-59735","post","type-post","status-publish","format-standard","has-post-thumbnail","hentry","category-guncel"],"_links":{"self":[{"href":"https:\/\/www.egemtv.com\/index.php?rest_route=\/wp\/v2\/posts\/59735","targetHints":{"allow":["GET"]}}],"collection":[{"href":"https:\/\/www.egemtv.com\/index.php?rest_route=\/wp\/v2\/posts"}],"about":[{"href":"https:\/\/www.egemtv.com\/index.php?rest_route=\/wp\/v2\/types\/post"}],"author":[{"embeddable":true,"href":"https:\/\/www.egemtv.com\/index.php?rest_route=\/wp\/v2\/users\/1"}],"replies":[{"embeddable":true,"href":"https:\/\/www.egemtv.com\/index.php?rest_route=%2Fwp%2Fv2%2Fcomments&post=59735"}],"version-history":[{"count":1,"href":"https:\/\/www.egemtv.com\/index.php?rest_route=\/wp\/v2\/posts\/59735\/revisions"}],"predecessor-version":[{"id":59737,"href":"https:\/\/www.egemtv.com\/index.php?rest_route=\/wp\/v2\/posts\/59735\/revisions\/59737"}],"wp:featuredmedia":[{"embeddable":true,"href":"https:\/\/www.egemtv.com\/index.php?rest_route=\/wp\/v2\/media\/59736"}],"wp:attachment":[{"href":"https:\/\/www.egemtv.com\/index.php?rest_route=%2Fwp%2Fv2%2Fmedia&parent=59735"}],"wp:term":[{"taxonomy":"category","embeddable":true,"href":"https:\/\/www.egemtv.com\/index.php?rest_route=%2Fwp%2Fv2%2Fcategories&post=59735"},{"taxonomy":"post_tag","embeddable":true,"href":"https:\/\/www.egemtv.com\/index.php?rest_route=%2Fwp%2Fv2%2Ftags&post=59735"}],"curies":[{"name":"wp","href":"https:\/\/api.w.org\/{rel}","templated":true}]}}