{"id":59732,"date":"2025-10-06T18:35:00","date_gmt":"2025-10-06T15:35:00","guid":{"rendered":"https:\/\/www.egemtv.com\/?p=59732"},"modified":"2025-10-06T18:35:01","modified_gmt":"2025-10-06T15:35:01","slug":"manisada-dunya-mimarlik-gunu-kutlandi","status":"publish","type":"post","link":"https:\/\/www.egemtv.com\/?p=59732","title":{"rendered":"Manisa\u2019da D\u00fcnya Mimarl\u0131k G\u00fcn\u00fc kutland\u0131"},"content":{"rendered":"<p>MAN\u0130SA (\u0130HA) \u2013 D\u00fcnya Mimarl\u0131k G\u00fcn\u00fc, Manisa\u2019da \u00e7e\u015fitli etkinliklerle kutland\u0131. Manisa Mimarlar Odas\u0131 Temsilcili\u011fi \u00f6nc\u00fcl\u00fc\u011f\u00fcnde d\u00fczenlenen kutlama program\u0131nda, mimarl\u0131\u011f\u0131n toplumsal rol\u00fc ve kentlerin gelece\u011fi \u00fczerine mesajlar verilirken, vefat eden mimarlar da mezarlar\u0131 ba\u015f\u0131nda an\u0131ld\u0131.<br \/>\n<br \/>Manisa Mimarlar Odas\u0131 Temsilcili\u011fi Ba\u015fkan\u0131 Mahir G\u00fclhan\u2019\u0131n ev sahipli\u011finde ger\u00e7ekle\u015fen kutlamada, 2025 y\u0131l\u0131 temas\u0131 olan &#8220;Dayan\u0131kl\u0131l\u0131k i\u00e7in Tasar\u0131m&#8221; vurguland\u0131. G\u00fclhan, &#8220;Uluslararas\u0131 Mimarlar Birli\u011fi taraf\u0131ndan 1985 y\u0131l\u0131nda ilan edilen D\u00fcnya Mimarl\u0131k G\u00fcn\u00fc, Birle\u015fmi\u015f Milletler\u2019in D\u00fcnya Konut G\u00fcn\u00fc ile e\u015f zamanl\u0131 olarak kutlan\u0131yor. 2025 y\u0131l\u0131nda tema olarak \u2018kentsel krizlere yan\u0131t\u2019 \u00e7er\u00e7evesinde \u2018Dayan\u0131kl\u0131l\u0131k i\u00e7in Tasar\u0131m\u2019 belirlenmi\u015ftir. Bu tema, mimarl\u0131\u011f\u0131n yaln\u0131zca fiziksel yap\u0131lar de\u011fil; ayn\u0131 zamanda toplumsal e\u015fitlik, s\u00fcrd\u00fcr\u00fclebilirlik ve diren\u00e7lilik \u00fcretmesi gerekti\u011fini hat\u0131rlatmaktad\u0131r&#8221; dedi.<br \/>\n<br \/>Mimarl\u0131\u011f\u0131n afet sonras\u0131 yeniden yap\u0131lanma s\u00fcre\u00e7lerinde kritik rol oynad\u0131\u011f\u0131na dikkat \u00e7eken G\u00fclhan, &#8220;Yap\u0131l\u0131 \u00e7evre; dayan\u0131kl\u0131l\u0131k, sa\u011flaml\u0131k ve k\u00fclt\u00fcrel duyarl\u0131l\u0131kla topluluklara destek olmal\u0131d\u0131r. Onar\u0131labilen, yenilenebilen ve \u00e7evreye duyarl\u0131 yap\u0131larla dayan\u0131kl\u0131l\u0131k m\u00fcmk\u00fcn olacakt\u0131r&#8221; \u015feklinde konu\u015ftu.<br \/>\n<br \/>Program kapsam\u0131nda meslek camias\u0131na katk\u0131 sa\u011flayan ve yak\u0131n d\u00f6nemde hayat\u0131n\u0131 kaybeden mimarlar da unutulmad\u0131. Ge\u00e7ti\u011fimiz y\u0131l vefat eden Manisa Mimarlar Odas\u0131 \u00f6nceki d\u00f6nem ba\u015fkan\u0131 Ferdi Zeyrek\u2019i anan G\u00fclhan, &#8220;Tam bir y\u0131l \u00f6nce bug\u00fcn rahmetli Ferdi Ba\u015fkan\u0131m\u0131z ile bu binan\u0131n hizmete a\u00e7\u0131l\u0131\u015f\u0131n\u0131 birlikte yapm\u0131\u015ft\u0131k. Onu mezar\u0131 ba\u015f\u0131nda and\u0131k. Mesleki birikimi ve kent k\u00fclt\u00fcr\u00fcne olan katk\u0131lar\u0131yla haf\u0131zalarda yer edinmi\u015ftir&#8221; dedi.<br \/>\n<br \/>Ayr\u0131ca Mimar Tu\u011frul Erdem, Zehra Alag\u00f6z ve Adil Ayg\u00fcl\u2019\u00fcn de isimlerini anan G\u00fclhan, &#8220;2025 y\u0131l\u0131 bizim i\u00e7in buruk ge\u00e7ti. Ancak gelece\u011fe dair umudumuz tamd\u0131r. Hayat\u0131n\u0131 kaybeden meslekta\u015flar\u0131m\u0131z, Manisa i\u00e7in yorulmadan \u00e7al\u0131\u015fm\u0131\u015f, kent belle\u011finde derin izler b\u0131rakm\u0131\u015flard\u0131r. Onlar\u0131n hat\u0131ras\u0131n\u0131 ya\u015fatmak en b\u00fcy\u00fck g\u00f6revimizdir&#8221; ifadelerini kulland\u0131.<br \/><\/p>\n","protected":false},"excerpt":{"rendered":"<p>MAN\u0130SA (\u0130HA) \u2013 D\u00fcnya Mimarl\u0131k G\u00fcn\u00fc, Manisa\u2019da \u00e7e\u015fitli etkinliklerle kutland\u0131. Manisa Mimarlar Odas\u0131 Temsilcili\u011fi \u00f6nc\u00fcl\u00fc\u011f\u00fcnde d\u00fczenlenen kutlama program\u0131nda, mimarl\u0131\u011f\u0131n toplumsal rol\u00fc ve kentlerin gelece\u011fi \u00fczerine mesajlar verilirken, vefat eden mimarlar da mezarlar\u0131 ba\u015f\u0131nda an\u0131ld\u0131. Manisa Mimarlar Odas\u0131 Temsilcili\u011fi Ba\u015fkan\u0131 Mahir G\u00fclhan\u2019\u0131n ev sahipli\u011finde ger\u00e7ekle\u015fen kutlamada, 2025 y\u0131l\u0131 temas\u0131 olan &#8220;Dayan\u0131kl\u0131l\u0131k i\u00e7in Tasar\u0131m&#8221; vurguland\u0131. G\u00fclhan, &#8220;Uluslararas\u0131&#8230;<\/p>\n","protected":false},"author":1,"featured_media":59733,"comment_status":"open","ping_status":"open","sticky":false,"template":"","format":"standard","meta":{"_crdt_document":"","footnotes":""},"categories":[1],"tags":[],"class_list":["post-59732","post","type-post","status-publish","format-standard","has-post-thumbnail","hentry","category-guncel"],"_links":{"self":[{"href":"https:\/\/www.egemtv.com\/index.php?rest_route=\/wp\/v2\/posts\/59732","targetHints":{"allow":["GET"]}}],"collection":[{"href":"https:\/\/www.egemtv.com\/index.php?rest_route=\/wp\/v2\/posts"}],"about":[{"href":"https:\/\/www.egemtv.com\/index.php?rest_route=\/wp\/v2\/types\/post"}],"author":[{"embeddable":true,"href":"https:\/\/www.egemtv.com\/index.php?rest_route=\/wp\/v2\/users\/1"}],"replies":[{"embeddable":true,"href":"https:\/\/www.egemtv.com\/index.php?rest_route=%2Fwp%2Fv2%2Fcomments&post=59732"}],"version-history":[{"count":1,"href":"https:\/\/www.egemtv.com\/index.php?rest_route=\/wp\/v2\/posts\/59732\/revisions"}],"predecessor-version":[{"id":59734,"href":"https:\/\/www.egemtv.com\/index.php?rest_route=\/wp\/v2\/posts\/59732\/revisions\/59734"}],"wp:featuredmedia":[{"embeddable":true,"href":"https:\/\/www.egemtv.com\/index.php?rest_route=\/wp\/v2\/media\/59733"}],"wp:attachment":[{"href":"https:\/\/www.egemtv.com\/index.php?rest_route=%2Fwp%2Fv2%2Fmedia&parent=59732"}],"wp:term":[{"taxonomy":"category","embeddable":true,"href":"https:\/\/www.egemtv.com\/index.php?rest_route=%2Fwp%2Fv2%2Fcategories&post=59732"},{"taxonomy":"post_tag","embeddable":true,"href":"https:\/\/www.egemtv.com\/index.php?rest_route=%2Fwp%2Fv2%2Ftags&post=59732"}],"curies":[{"name":"wp","href":"https:\/\/api.w.org\/{rel}","templated":true}]}}