{"id":59729,"date":"2025-10-06T18:14:44","date_gmt":"2025-10-06T15:14:44","guid":{"rendered":"https:\/\/www.egemtv.com\/?p=59729"},"modified":"2025-10-06T18:14:45","modified_gmt":"2025-10-06T15:14:45","slug":"ormanlik-alanda-olu-bulunan-universite-ogrencisi-teslimenin-mektubu-savciliga-teslim-edildi","status":"publish","type":"post","link":"https:\/\/www.egemtv.com\/?p=59729","title":{"rendered":"Ormanl\u0131k alanda \u00f6l\u00fc bulunan \u00fcniversite \u00f6\u011frencisi Teslime\u2019nin mektubu savc\u0131l\u0131\u011fa teslim edildi"},"content":{"rendered":"<p>Ayd\u0131n\u2019\u0131n Efeler il\u00e7esine ba\u011fl\u0131 k\u0131rsal Kalfak\u00f6y yak\u0131nlar\u0131ndaki ormanl\u0131k alanda 7 A\u011fustos gecesi \u00f6l\u00fc bulunan \u00fcniversite \u00f6\u011frencisine ait oldu\u011fu belirtilen bir mektup ortaya \u00e7\u0131kt\u0131.<br \/>\n<br \/>Olay, 6 A\u011fustos\u2019u 7 A\u011fustos\u2019a ba\u011flayan gece ya\u015fanm\u0131\u015ft\u0131. Mersin\u2019den \u00fcniversite okumak i\u00e7in Ayd\u0131n\u2019a gelen Teslime Hanedan (20), erkek arkada\u015f\u0131 oldu\u011fu \u00f6\u011frenilen E.F.\u2019nin de aralar\u0131nda bulundu\u011fu 4 arkada\u015f\u0131yla ticari taksiyle b\u00f6lgeye gelmi\u015f ve burada ba\u015f\u0131na ald\u0131\u011f\u0131 kur\u015fun yaras\u0131 ile hayat\u0131n\u0131 kaybetmi\u015fti. Teslime\u2019nin erkek arkada\u015f\u0131 E.F., ifadesinde k\u0131z arkada\u015f\u0131n\u0131n intihar etti\u011fini ileri s\u00fcrm\u00fc\u015ft\u00fc. G\u00f6zalt\u0131na al\u0131nan E.F., \u00e7\u0131kar\u0131ld\u0131\u011f\u0131 mahkemece adam \u00f6ld\u00fcrme \u015f\u00fcphesi ile tutuklanm\u0131\u015ft\u0131. Denizli Cezaevi\u2019nde tutuklu bulunan E.F.\u2019nin talebi \u00fczerine evde yap\u0131lan aramada kitaplar\u0131 aras\u0131nda bir mektup bulundu. Bulunan mektup E.F.\u2019nin avukat\u0131 Orhan Apayd\u0131n taraf\u0131ndan Cumhuriyet Savc\u0131l\u0131\u011f\u0131\u2019na teslim edildi. Teslime Hanedan\u2019\u0131n \u00f6lmeden k\u0131sa s\u00fcre \u00f6nce 20 Mart 2025 tarihinde el yaz\u0131s\u0131 ile yaz\u0131lm\u0131\u015f mektubu E.F.\u2019ye teslim etti\u011fi \u00f6\u011frenildi.<\/p>\n<p>\u00c7ekti\u011fi i\u015fkenceleri ve uyu\u015fturucu bata\u011f\u0131na nas\u0131l d\u00fc\u015ft\u00fc\u011f\u00fcn\u00fc anlatm\u0131\u015f<br \/>\n<br \/>\u00dcniversitede okumak i\u00e7in memleketi Mersin\u2019den Ayd\u0131n\u2019a geli\u015finin \u00fczerinden bir y\u0131l ge\u00e7ti\u011fini belirterek mektubuna ba\u015flayan Teslime Hanedan\u2019\u0131n mektupta ba\u011f\u0131ml\u0131 oldu\u011funu, ard\u0131ndan kuryelik yapt\u0131\u011f\u0131n\u0131 ve g\u00f6rd\u00fc\u011f\u00fc i\u015fkence ve tacizlerin eski ne\u015fesini ka\u00e7\u0131rd\u0131\u011f\u0131n\u0131 belirtti\u011fi \u00f6\u011frenildi. G\u00fcvendi\u011fi insanlar taraf\u0131ndan kimli\u011fi dahil her \u015feyinin al\u0131nd\u0131\u011f\u0131n\u0131 belirten Teslime\u2019nin daha sonra eskort ad\u0131 alt\u0131nda \u00e7al\u0131\u015fmak zorunda kald\u0131\u011f\u0131n\u0131 belirtti\u011fi mektubun baz\u0131 ger\u00e7ekleri ortaya \u00e7\u0131karmas\u0131n\u0131n beklendi\u011fi \u00f6\u011frenildi.<br \/><\/p>\n","protected":false},"excerpt":{"rendered":"<p>Ayd\u0131n\u2019\u0131n Efeler il\u00e7esine ba\u011fl\u0131 k\u0131rsal Kalfak\u00f6y yak\u0131nlar\u0131ndaki ormanl\u0131k alanda 7 A\u011fustos gecesi \u00f6l\u00fc bulunan \u00fcniversite \u00f6\u011frencisine ait oldu\u011fu belirtilen bir mektup ortaya \u00e7\u0131kt\u0131. Olay, 6 A\u011fustos\u2019u 7 A\u011fustos\u2019a ba\u011flayan gece ya\u015fanm\u0131\u015ft\u0131. Mersin\u2019den \u00fcniversite okumak i\u00e7in Ayd\u0131n\u2019a gelen Teslime Hanedan (20), erkek arkada\u015f\u0131 oldu\u011fu \u00f6\u011frenilen E.F.\u2019nin de aralar\u0131nda bulundu\u011fu 4 arkada\u015f\u0131yla ticari taksiyle b\u00f6lgeye gelmi\u015f ve&#8230;<\/p>\n","protected":false},"author":1,"featured_media":59730,"comment_status":"open","ping_status":"open","sticky":false,"template":"","format":"standard","meta":{"_crdt_document":"","footnotes":""},"categories":[5],"tags":[],"class_list":["post-59729","post","type-post","status-publish","format-standard","has-post-thumbnail","hentry","category-asayis"],"_links":{"self":[{"href":"https:\/\/www.egemtv.com\/index.php?rest_route=\/wp\/v2\/posts\/59729","targetHints":{"allow":["GET"]}}],"collection":[{"href":"https:\/\/www.egemtv.com\/index.php?rest_route=\/wp\/v2\/posts"}],"about":[{"href":"https:\/\/www.egemtv.com\/index.php?rest_route=\/wp\/v2\/types\/post"}],"author":[{"embeddable":true,"href":"https:\/\/www.egemtv.com\/index.php?rest_route=\/wp\/v2\/users\/1"}],"replies":[{"embeddable":true,"href":"https:\/\/www.egemtv.com\/index.php?rest_route=%2Fwp%2Fv2%2Fcomments&post=59729"}],"version-history":[{"count":1,"href":"https:\/\/www.egemtv.com\/index.php?rest_route=\/wp\/v2\/posts\/59729\/revisions"}],"predecessor-version":[{"id":59731,"href":"https:\/\/www.egemtv.com\/index.php?rest_route=\/wp\/v2\/posts\/59729\/revisions\/59731"}],"wp:featuredmedia":[{"embeddable":true,"href":"https:\/\/www.egemtv.com\/index.php?rest_route=\/wp\/v2\/media\/59730"}],"wp:attachment":[{"href":"https:\/\/www.egemtv.com\/index.php?rest_route=%2Fwp%2Fv2%2Fmedia&parent=59729"}],"wp:term":[{"taxonomy":"category","embeddable":true,"href":"https:\/\/www.egemtv.com\/index.php?rest_route=%2Fwp%2Fv2%2Fcategories&post=59729"},{"taxonomy":"post_tag","embeddable":true,"href":"https:\/\/www.egemtv.com\/index.php?rest_route=%2Fwp%2Fv2%2Ftags&post=59729"}],"curies":[{"name":"wp","href":"https:\/\/api.w.org\/{rel}","templated":true}]}}