{"id":59726,"date":"2025-10-06T16:55:00","date_gmt":"2025-10-06T13:55:00","guid":{"rendered":"https:\/\/www.egemtv.com\/?p=59726"},"modified":"2025-10-06T16:55:01","modified_gmt":"2025-10-06T13:55:01","slug":"aydinda-4-is-yerinden-hirsizlik-yapan-zanli-yakalandi","status":"publish","type":"post","link":"https:\/\/www.egemtv.com\/?p=59726","title":{"rendered":"Ayd\u0131n\u2019da 4 i\u015f yerinden h\u0131rs\u0131zl\u0131k yapan zanl\u0131 yakaland\u0131"},"content":{"rendered":"<p>Ayd\u0131n\u2019\u0131n Efeler il\u00e7esi Umurlu Mahallesi\u2019nde meydana gelen 4 ayr\u0131 i\u015f yerinden h\u0131rs\u0131zl\u0131k olay\u0131n\u0131n \u015f\u00fcphelisi polis ekipleri taraf\u0131ndan yakalan\u0131rken, emniyetteki i\u015flemlerinin ard\u0131ndan adliyeye sevk edilen \u015fah\u0131s tutuklanarak cezaevine g\u00f6nderildi.<\/p>\n<p>Edinilen bilgiye g\u00f6re, Umurlu Mahallesi\u2019nde k\u0131sa s\u00fcrede ya\u015fanan 4 farkl\u0131 h\u0131rs\u0131zl\u0131k olay\u0131 sonras\u0131 Ayd\u0131n Emniyet M\u00fcd\u00fcrl\u00fc\u011f\u00fc Asayi\u015f \u015eube M\u00fcd\u00fcrl\u00fc\u011f\u00fc H\u0131rs\u0131zl\u0131k B\u00fcro Amirli\u011fi ekipleri geni\u015f \u00e7apl\u0131 \u00e7al\u0131\u015fma ba\u015flatt\u0131. Yap\u0131lan ara\u015ft\u0131rmalarda olaylar\u0131n faili oldu\u011fu belirlenen A.A. isimli \u015f\u00fcpheli, i\u015f yerlerinden \u00e7ald\u0131\u011f\u0131 39 bin TL ile birlikte yakaland\u0131. G\u00f6zalt\u0131na al\u0131nan A.A., i\u015flemlerinin ard\u0131ndan Efeler \u0130l\u00e7e Emniyet M\u00fcd\u00fcrl\u00fc\u011f\u00fc\u2019ne teslim edildi. Emniyetteki sorgusunun ard\u0131ndan adliyeye sevk edilen \u015f\u00fcpheli, \u00e7\u0131kart\u0131ld\u0131\u011f\u0131 adli makamlarca tutuklanarak cezaevine g\u00f6nderildi.<br \/><\/p>\n","protected":false},"excerpt":{"rendered":"<p>Ayd\u0131n\u2019\u0131n Efeler il\u00e7esi Umurlu Mahallesi\u2019nde meydana gelen 4 ayr\u0131 i\u015f yerinden h\u0131rs\u0131zl\u0131k olay\u0131n\u0131n \u015f\u00fcphelisi polis ekipleri taraf\u0131ndan yakalan\u0131rken, emniyetteki i\u015flemlerinin ard\u0131ndan adliyeye sevk edilen \u015fah\u0131s tutuklanarak cezaevine g\u00f6nderildi. Edinilen bilgiye g\u00f6re, Umurlu Mahallesi\u2019nde k\u0131sa s\u00fcrede ya\u015fanan 4 farkl\u0131 h\u0131rs\u0131zl\u0131k olay\u0131 sonras\u0131 Ayd\u0131n Emniyet M\u00fcd\u00fcrl\u00fc\u011f\u00fc Asayi\u015f \u015eube M\u00fcd\u00fcrl\u00fc\u011f\u00fc H\u0131rs\u0131zl\u0131k B\u00fcro Amirli\u011fi ekipleri geni\u015f \u00e7apl\u0131 \u00e7al\u0131\u015fma ba\u015flatt\u0131&#8230;.<\/p>\n","protected":false},"author":1,"featured_media":59727,"comment_status":"open","ping_status":"open","sticky":false,"template":"","format":"standard","meta":{"_crdt_document":"","footnotes":""},"categories":[5],"tags":[],"class_list":["post-59726","post","type-post","status-publish","format-standard","has-post-thumbnail","hentry","category-asayis"],"_links":{"self":[{"href":"https:\/\/www.egemtv.com\/index.php?rest_route=\/wp\/v2\/posts\/59726","targetHints":{"allow":["GET"]}}],"collection":[{"href":"https:\/\/www.egemtv.com\/index.php?rest_route=\/wp\/v2\/posts"}],"about":[{"href":"https:\/\/www.egemtv.com\/index.php?rest_route=\/wp\/v2\/types\/post"}],"author":[{"embeddable":true,"href":"https:\/\/www.egemtv.com\/index.php?rest_route=\/wp\/v2\/users\/1"}],"replies":[{"embeddable":true,"href":"https:\/\/www.egemtv.com\/index.php?rest_route=%2Fwp%2Fv2%2Fcomments&post=59726"}],"version-history":[{"count":1,"href":"https:\/\/www.egemtv.com\/index.php?rest_route=\/wp\/v2\/posts\/59726\/revisions"}],"predecessor-version":[{"id":59728,"href":"https:\/\/www.egemtv.com\/index.php?rest_route=\/wp\/v2\/posts\/59726\/revisions\/59728"}],"wp:featuredmedia":[{"embeddable":true,"href":"https:\/\/www.egemtv.com\/index.php?rest_route=\/wp\/v2\/media\/59727"}],"wp:attachment":[{"href":"https:\/\/www.egemtv.com\/index.php?rest_route=%2Fwp%2Fv2%2Fmedia&parent=59726"}],"wp:term":[{"taxonomy":"category","embeddable":true,"href":"https:\/\/www.egemtv.com\/index.php?rest_route=%2Fwp%2Fv2%2Fcategories&post=59726"},{"taxonomy":"post_tag","embeddable":true,"href":"https:\/\/www.egemtv.com\/index.php?rest_route=%2Fwp%2Fv2%2Ftags&post=59726"}],"curies":[{"name":"wp","href":"https:\/\/api.w.org\/{rel}","templated":true}]}}