{"id":59723,"date":"2025-10-06T16:54:59","date_gmt":"2025-10-06T13:54:59","guid":{"rendered":"https:\/\/www.egemtv.com\/?p=59723"},"modified":"2025-10-06T16:55:00","modified_gmt":"2025-10-06T13:55:00","slug":"akyaka-gokova-orman-parkinda-temizlik-ve-elektrik-yenileme-calismalari-basladi","status":"publish","type":"post","link":"https:\/\/www.egemtv.com\/?p=59723","title":{"rendered":"Akyaka G\u00f6kova Orman Park\u0131\u2019nda temizlik ve elektrik yenileme \u00e7al\u0131\u015fmalar\u0131 ba\u015flad\u0131"},"content":{"rendered":"<p>Akyaka G\u00f6kova Konaklamal\u0131 Orman Park\u0131, yaz sezonunun sona ermesinin ard\u0131ndan temizlik ve elektrik altyap\u0131 d\u00fczenleme \u00e7al\u0131\u015fmalar\u0131na ba\u015flad\u0131.<\/p>\n<p>Mu\u011fla\u2019n\u0131n g\u00f6zde do\u011fa rotalar\u0131ndan biri olan Akyaka G\u00f6kova Konaklamal\u0131 Orman Park\u0131 Kamp Alan\u0131, yeni sezon \u00f6ncesi kapsaml\u0131 bir yenileme s\u00fcrecinden ge\u00e7iyor.<\/p>\n<p>Kamp alan\u0131nda bir s\u00fcredir sezonluk konaklayan vatanda\u015flar\u0131n kamp s\u00fcresi sonunda baz\u0131 eski ve kullan\u0131lamaz malzemeleri alanda b\u0131rakt\u0131klar\u0131 tespit edildi. \u00c7evre kirlili\u011fini \u00f6nlemek ve do\u011fal alan\u0131n korunmas\u0131n\u0131 sa\u011flamak amac\u0131yla b\u0131rak\u0131lan e\u015fyalar g\u00f6revliler taraf\u0131ndan toplanarak uygun \u015fekilde geri d\u00f6n\u00fc\u015f\u00fcme g\u00f6nderildi.<\/p>\n<p>Do\u011fal yap\u0131n\u0131n korunmas\u0131 ve kamp alan\u0131n\u0131n temiz tutulmas\u0131 amac\u0131yla y\u00fcr\u00fct\u00fclen bu \u00e7al\u0131\u015fmalar\u0131n ard\u0131ndan, kampta elektrik altyap\u0131s\u0131n\u0131 iyile\u015ftirme \u00e7al\u0131\u015fmalar\u0131 da ba\u015flat\u0131ld\u0131. Yaz aylar\u0131nda ya\u015fanan yo\u011funluk nedeniyle ortaya \u00e7\u0131kan enerji yetersizliklerinin \u00f6n\u00fcne ge\u00e7mek i\u00e7in planlanan d\u00fczenlemelerin, \u00f6n\u00fcm\u00fczdeki sezona kadar tamamlanmas\u0131 hedefleniyor.<\/p>\n<p>Akyaka Orman Kamp\u0131\u2019nda y\u00fcr\u00fct\u00fclen bu \u00e7al\u0131\u015fmalarla birlikte, hem \u00e7evresel s\u00fcrd\u00fcr\u00fclebilirli\u011fin sa\u011flanmas\u0131 hem de ziyaret\u00e7ilere daha konforlu bir kamp deneyimi sunulmas\u0131 ama\u00e7lan\u0131yor. Do\u011fal dokusunu koruyarak geli\u015fen kamp alan\u0131, yeni sezonda misafirlerini daha g\u00fcvenli ve temiz bir ortamda a\u011f\u0131rlamaya haz\u0131rlan\u0131yor.<br \/><\/p>\n","protected":false},"excerpt":{"rendered":"<p>Akyaka G\u00f6kova Konaklamal\u0131 Orman Park\u0131, yaz sezonunun sona ermesinin ard\u0131ndan temizlik ve elektrik altyap\u0131 d\u00fczenleme \u00e7al\u0131\u015fmalar\u0131na ba\u015flad\u0131. Mu\u011fla\u2019n\u0131n g\u00f6zde do\u011fa rotalar\u0131ndan biri olan Akyaka G\u00f6kova Konaklamal\u0131 Orman Park\u0131 Kamp Alan\u0131, yeni sezon \u00f6ncesi kapsaml\u0131 bir yenileme s\u00fcrecinden ge\u00e7iyor. Kamp alan\u0131nda bir s\u00fcredir sezonluk konaklayan vatanda\u015flar\u0131n kamp s\u00fcresi sonunda baz\u0131 eski ve kullan\u0131lamaz malzemeleri alanda b\u0131rakt\u0131klar\u0131&#8230;<\/p>\n","protected":false},"author":1,"featured_media":59724,"comment_status":"open","ping_status":"open","sticky":false,"template":"","format":"standard","meta":{"_crdt_document":"","footnotes":""},"categories":[1],"tags":[],"class_list":["post-59723","post","type-post","status-publish","format-standard","has-post-thumbnail","hentry","category-guncel"],"_links":{"self":[{"href":"https:\/\/www.egemtv.com\/index.php?rest_route=\/wp\/v2\/posts\/59723","targetHints":{"allow":["GET"]}}],"collection":[{"href":"https:\/\/www.egemtv.com\/index.php?rest_route=\/wp\/v2\/posts"}],"about":[{"href":"https:\/\/www.egemtv.com\/index.php?rest_route=\/wp\/v2\/types\/post"}],"author":[{"embeddable":true,"href":"https:\/\/www.egemtv.com\/index.php?rest_route=\/wp\/v2\/users\/1"}],"replies":[{"embeddable":true,"href":"https:\/\/www.egemtv.com\/index.php?rest_route=%2Fwp%2Fv2%2Fcomments&post=59723"}],"version-history":[{"count":1,"href":"https:\/\/www.egemtv.com\/index.php?rest_route=\/wp\/v2\/posts\/59723\/revisions"}],"predecessor-version":[{"id":59725,"href":"https:\/\/www.egemtv.com\/index.php?rest_route=\/wp\/v2\/posts\/59723\/revisions\/59725"}],"wp:featuredmedia":[{"embeddable":true,"href":"https:\/\/www.egemtv.com\/index.php?rest_route=\/wp\/v2\/media\/59724"}],"wp:attachment":[{"href":"https:\/\/www.egemtv.com\/index.php?rest_route=%2Fwp%2Fv2%2Fmedia&parent=59723"}],"wp:term":[{"taxonomy":"category","embeddable":true,"href":"https:\/\/www.egemtv.com\/index.php?rest_route=%2Fwp%2Fv2%2Fcategories&post=59723"},{"taxonomy":"post_tag","embeddable":true,"href":"https:\/\/www.egemtv.com\/index.php?rest_route=%2Fwp%2Fv2%2Ftags&post=59723"}],"curies":[{"name":"wp","href":"https:\/\/api.w.org\/{rel}","templated":true}]}}