{"id":59720,"date":"2025-10-06T16:54:58","date_gmt":"2025-10-06T13:54:58","guid":{"rendered":"https:\/\/www.egemtv.com\/?p=59720"},"modified":"2025-10-06T16:54:59","modified_gmt":"2025-10-06T13:54:59","slug":"kocarlida-festival-tarihi-ertelendi","status":"publish","type":"post","link":"https:\/\/www.egemtv.com\/?p=59720","title":{"rendered":"Ko\u00e7arl\u0131\u2019da festival tarihi ertelendi"},"content":{"rendered":"<p>Ko\u00e7arl\u0131 Belediyesi taraf\u0131ndan d\u00fczenlenen \u00c7am F\u0131st\u0131\u011f\u0131, Pamuk, \u0130ncir, Zeytin ve Zeytinya\u011f\u0131 Festivali\u2019nin ilk iki g\u00fcn\u00fc hava muhalefeti nedeniyle iptal edildi.<\/p>\n<p>Meteoroloji taraf\u0131ndan 7 ve 8 Ekim tarihlerinde beklenen \u015fiddetli sa\u011fanak ya\u011f\u0131\u015f uyar\u0131s\u0131 \u00fczerine festivalin a\u00e7\u0131l\u0131\u015f program\u0131 ileri bir tarihe ertelendi. Belediye taraf\u0131ndan yap\u0131lan a\u00e7\u0131klamada, 7 Ekim Sal\u0131 ve 8 Ekim \u00c7ar\u015famba g\u00fcnleri yap\u0131lmas\u0131 planlanan etkinliklerin iptal edildi\u011fi, festivalin 9 Ekim Per\u015fembe g\u00fcn\u00fc itibariyle yeni programla devam edece\u011fi duyuruldu. Yenilenen festival takvimi ise 9 Ekim Per\u015fembe saat 21.00 Suavi konseri, 10 Ekim Cuma saat 18.30 Dev Kortej, saat 19.00 Festival A\u00e7\u0131l\u0131\u015f\u0131, saat 21.00 Ay\u015fe Din\u00e7er konseri, 11 Ekim Cumartesi saat 21.00 I\u015f\u0131n Karaca konseri, 12 Ekim Pazar saat 20.00 Necati ve Saykolar konseri saat 21.00 Zakkum konseri olarak a\u00e7\u0131kland\u0131.<\/p>\n<p>Ko\u00e7arl\u0131 Belediye Ba\u015fkan\u0131 \u00d6zg\u00fcr Ar\u0131c\u0131, vatanda\u015flar\u0131n festival co\u015fkusunu g\u00fcvenli \u015fekilde ya\u015fayabilmesi i\u00e7in programda zorunlu de\u011fi\u015fikli\u011fe gidildi\u011fini belirterek, &#8220;T\u00fcm hem\u015fehrilerimizi 9 Ekim\u2019den itibaren ba\u015flayacak konserlerimize ve etkinliklerimize bekliyoruz&#8221; dedi.<br \/><\/p>\n","protected":false},"excerpt":{"rendered":"<p>Ko\u00e7arl\u0131 Belediyesi taraf\u0131ndan d\u00fczenlenen \u00c7am F\u0131st\u0131\u011f\u0131, Pamuk, \u0130ncir, Zeytin ve Zeytinya\u011f\u0131 Festivali\u2019nin ilk iki g\u00fcn\u00fc hava muhalefeti nedeniyle iptal edildi. Meteoroloji taraf\u0131ndan 7 ve 8 Ekim tarihlerinde beklenen \u015fiddetli sa\u011fanak ya\u011f\u0131\u015f uyar\u0131s\u0131 \u00fczerine festivalin a\u00e7\u0131l\u0131\u015f program\u0131 ileri bir tarihe ertelendi. Belediye taraf\u0131ndan yap\u0131lan a\u00e7\u0131klamada, 7 Ekim Sal\u0131 ve 8 Ekim \u00c7ar\u015famba g\u00fcnleri yap\u0131lmas\u0131 planlanan etkinliklerin&#8230;<\/p>\n","protected":false},"author":1,"featured_media":59721,"comment_status":"open","ping_status":"open","sticky":false,"template":"","format":"standard","meta":{"_crdt_document":"","footnotes":""},"categories":[1],"tags":[],"class_list":["post-59720","post","type-post","status-publish","format-standard","has-post-thumbnail","hentry","category-guncel"],"_links":{"self":[{"href":"https:\/\/www.egemtv.com\/index.php?rest_route=\/wp\/v2\/posts\/59720","targetHints":{"allow":["GET"]}}],"collection":[{"href":"https:\/\/www.egemtv.com\/index.php?rest_route=\/wp\/v2\/posts"}],"about":[{"href":"https:\/\/www.egemtv.com\/index.php?rest_route=\/wp\/v2\/types\/post"}],"author":[{"embeddable":true,"href":"https:\/\/www.egemtv.com\/index.php?rest_route=\/wp\/v2\/users\/1"}],"replies":[{"embeddable":true,"href":"https:\/\/www.egemtv.com\/index.php?rest_route=%2Fwp%2Fv2%2Fcomments&post=59720"}],"version-history":[{"count":1,"href":"https:\/\/www.egemtv.com\/index.php?rest_route=\/wp\/v2\/posts\/59720\/revisions"}],"predecessor-version":[{"id":59722,"href":"https:\/\/www.egemtv.com\/index.php?rest_route=\/wp\/v2\/posts\/59720\/revisions\/59722"}],"wp:featuredmedia":[{"embeddable":true,"href":"https:\/\/www.egemtv.com\/index.php?rest_route=\/wp\/v2\/media\/59721"}],"wp:attachment":[{"href":"https:\/\/www.egemtv.com\/index.php?rest_route=%2Fwp%2Fv2%2Fmedia&parent=59720"}],"wp:term":[{"taxonomy":"category","embeddable":true,"href":"https:\/\/www.egemtv.com\/index.php?rest_route=%2Fwp%2Fv2%2Fcategories&post=59720"},{"taxonomy":"post_tag","embeddable":true,"href":"https:\/\/www.egemtv.com\/index.php?rest_route=%2Fwp%2Fv2%2Ftags&post=59720"}],"curies":[{"name":"wp","href":"https:\/\/api.w.org\/{rel}","templated":true}]}}