{"id":59717,"date":"2025-10-06T16:35:00","date_gmt":"2025-10-06T13:35:00","guid":{"rendered":"https:\/\/www.egemtv.com\/?p=59717"},"modified":"2025-10-06T16:35:02","modified_gmt":"2025-10-06T13:35:02","slug":"salihli-polisi-zehir-tacirlerine-nefes-aldirmiyor","status":"publish","type":"post","link":"https:\/\/www.egemtv.com\/?p=59717","title":{"rendered":"Salihli polisi zehir tacirlerine nefes ald\u0131rm\u0131yor"},"content":{"rendered":"<p>Manisa\u2019n\u0131n Salihli il\u00e7esinde polis ekiplerinin \u015f\u00fcphe \u00fczerine durdurdu\u011fu bir ki\u015fiden 40 gram metamfetamin ele ge\u00e7irildi. G\u00f6zalt\u0131na al\u0131nan \u015f\u00fcpheli \u00e7\u0131kar\u0131ld\u0131\u011f\u0131 mahkemece tutukland\u0131.<br \/>\n<br \/>Uyu\u015fturucu madde ticaretine y\u00f6nelik \u00e7al\u0131\u015fmalar\u0131n\u0131 aral\u0131ks\u0131z s\u00fcrd\u00fcren Salihli \u0130l\u00e7e Emniyet M\u00fcd\u00fcrl\u00fc\u011f\u00fc ekipleri, \u015eehit Fevzi T\u00fcz\u00fcnalp Park\u0131 civar\u0131nda durumundan \u015f\u00fcphelendikleri R.\u00c7. isimli \u015fahs\u0131 durdurdu. \u00dcst aramas\u0131 yapan ekipler R.\u00c7.\u2019nin \u00fczerinden 40 gram metamfetamin ele ge\u00e7irildi.<br \/>\n<br \/>Polis ekiplerince g\u00f6zalt\u0131na al\u0131nan R.\u00c7., emniyetteki i\u015flemlerinin ard\u0131ndan sevk edildi\u011fi mahkemece tutuklanarak Salihli T Tipi Kapal\u0131 Ceza \u0130nfaz Kurumu\u2019na g\u00f6nderildi.<br \/><\/p>\n","protected":false},"excerpt":{"rendered":"<p>Manisa\u2019n\u0131n Salihli il\u00e7esinde polis ekiplerinin \u015f\u00fcphe \u00fczerine durdurdu\u011fu bir ki\u015fiden 40 gram metamfetamin ele ge\u00e7irildi. G\u00f6zalt\u0131na al\u0131nan \u015f\u00fcpheli \u00e7\u0131kar\u0131ld\u0131\u011f\u0131 mahkemece tutukland\u0131. Uyu\u015fturucu madde ticaretine y\u00f6nelik \u00e7al\u0131\u015fmalar\u0131n\u0131 aral\u0131ks\u0131z s\u00fcrd\u00fcren Salihli \u0130l\u00e7e Emniyet M\u00fcd\u00fcrl\u00fc\u011f\u00fc ekipleri, \u015eehit Fevzi T\u00fcz\u00fcnalp Park\u0131 civar\u0131nda durumundan \u015f\u00fcphelendikleri R.\u00c7. isimli \u015fahs\u0131 durdurdu. \u00dcst aramas\u0131 yapan ekipler R.\u00c7.\u2019nin \u00fczerinden 40 gram metamfetamin ele ge\u00e7irildi&#8230;.<\/p>\n","protected":false},"author":1,"featured_media":59718,"comment_status":"open","ping_status":"open","sticky":false,"template":"","format":"standard","meta":{"_crdt_document":"","footnotes":""},"categories":[5],"tags":[],"class_list":["post-59717","post","type-post","status-publish","format-standard","has-post-thumbnail","hentry","category-asayis"],"_links":{"self":[{"href":"https:\/\/www.egemtv.com\/index.php?rest_route=\/wp\/v2\/posts\/59717","targetHints":{"allow":["GET"]}}],"collection":[{"href":"https:\/\/www.egemtv.com\/index.php?rest_route=\/wp\/v2\/posts"}],"about":[{"href":"https:\/\/www.egemtv.com\/index.php?rest_route=\/wp\/v2\/types\/post"}],"author":[{"embeddable":true,"href":"https:\/\/www.egemtv.com\/index.php?rest_route=\/wp\/v2\/users\/1"}],"replies":[{"embeddable":true,"href":"https:\/\/www.egemtv.com\/index.php?rest_route=%2Fwp%2Fv2%2Fcomments&post=59717"}],"version-history":[{"count":1,"href":"https:\/\/www.egemtv.com\/index.php?rest_route=\/wp\/v2\/posts\/59717\/revisions"}],"predecessor-version":[{"id":59719,"href":"https:\/\/www.egemtv.com\/index.php?rest_route=\/wp\/v2\/posts\/59717\/revisions\/59719"}],"wp:featuredmedia":[{"embeddable":true,"href":"https:\/\/www.egemtv.com\/index.php?rest_route=\/wp\/v2\/media\/59718"}],"wp:attachment":[{"href":"https:\/\/www.egemtv.com\/index.php?rest_route=%2Fwp%2Fv2%2Fmedia&parent=59717"}],"wp:term":[{"taxonomy":"category","embeddable":true,"href":"https:\/\/www.egemtv.com\/index.php?rest_route=%2Fwp%2Fv2%2Fcategories&post=59717"},{"taxonomy":"post_tag","embeddable":true,"href":"https:\/\/www.egemtv.com\/index.php?rest_route=%2Fwp%2Fv2%2Ftags&post=59717"}],"curies":[{"name":"wp","href":"https:\/\/api.w.org\/{rel}","templated":true}]}}