{"id":59714,"date":"2025-10-06T16:14:55","date_gmt":"2025-10-06T13:14:55","guid":{"rendered":"https:\/\/www.egemtv.com\/?p=59714"},"modified":"2025-10-06T16:14:57","modified_gmt":"2025-10-06T13:14:57","slug":"bakan-goktas-aydindaki-hizmetleri-inceledi","status":"publish","type":"post","link":"https:\/\/www.egemtv.com\/?p=59714","title":{"rendered":"Bakan G\u00f6kta\u015f, Ayd\u0131n\u2019daki hizmetleri inceledi"},"content":{"rendered":"<p>Ayd\u0131n\u2019da bir dizi ziyaret ger\u00e7ekle\u015ftiren Aile ve Sosyal Hizmetler Bakan\u0131 Mahinur \u00d6zdemir G\u00f6kta\u015f, Ayd\u0131n\u2019daki yat\u0131r\u0131m ve hizmetleri yerinde inceledi.<br \/>\n<br \/>T\u00fcrk Hava Yollar\u0131 (THY) U\u00e7u\u015f Akademisi\u2019nin mezuniyet t\u00f6reni i\u00e7in Ayd\u0131n\u2019a gelen Aile ve Sosyal Hizmetler Bakan\u0131 Mahinur \u00d6zdemir G\u00f6kta\u015f, t\u00f6ren sonras\u0131nda il genelinde bir dizi ziyaret ger\u00e7ekle\u015ftirdi. Ayd\u0131n \u00c7\u0131ld\u0131r Havaalan\u0131\u2019ndaki U\u00e7u\u015f Akademisi\u2019nde d\u00fczenlenen t\u00f6renin ard\u0131ndan Bakan G\u00f6kta\u015f\u2019\u0131n ilk dura\u011f\u0131 Ayd\u0131n B\u00fcy\u00fck\u015fehir Belediyesi oldu. Ge\u00e7ti\u011fimiz g\u00fcnlerde Adalet ve Kalk\u0131nma Partisi\u2019ne (AK Parti) Ayd\u0131n B\u00fcy\u00fck\u015fehir Belediye Ba\u015fkan\u0131 \u00d6zlem \u00c7er\u00e7io\u011flu, beraberindeki heyetle birlikte Bakan G\u00f6kta\u015f\u2019\u0131 belediye \u00f6n\u00fcnde \u00e7i\u00e7ekle kar\u015f\u0131lad\u0131. Bas\u0131na kapal\u0131 olarak devam eden ziyarette hizmetlere dikkat \u00e7eken Aile ve Sosyal Hizmetler Bakan\u0131 Mahinur \u00d6zdemir G\u00f6kta\u015f, Ayd\u0131n\u2019a kad\u0131n elinin de\u011fdi\u011finin belli oldu\u011funu vurgulad\u0131.<br \/>\n<br \/>Bakan G\u00f6kta\u015f, daha sonra beraberindeki protokol \u00fcyeleri ile birlikte Atat\u00fcrk Kent Meydan\u0131\u2019na ge\u00e7ti. AK Parti Ayd\u0131n \u0130l Kad\u0131n Kollar\u0131 Ba\u015fkanl\u0131\u011f\u0131 taraf\u0131ndan ger\u00e7ekle\u015ftirilen &#8220;Gazze \u0130\u00e7in Sessiz \u00c7\u0131\u011fl\u0131k&#8221; eylemine kat\u0131lan Bakan G\u00f6kta\u015f, Gazze\u2019de ya\u015fanan insanl\u0131k trajedisine dikkat \u00e7ekti.<br \/>\n<br \/>Bakan G\u00f6kta\u015f daha sonra Ayd\u0131n Aile ve Sosyal Hizmetler \u0130l M\u00fcd\u00fcrl\u00fc\u011f\u00fc koordinesindeki Ayd\u0131n Huzurevi H\u00fclya Arsalan Barut G\u00fcnd\u00fczl\u00fc Ya\u015fl\u0131 Bak\u0131m Merkezi\u2019nin a\u00e7\u0131l\u0131\u015f\u0131na kat\u0131ld\u0131. Aymelek Derne\u011fi taraf\u0131ndan kullan\u0131lan merkezin a\u00e7\u0131l\u0131\u015f\u0131n\u0131 ger\u00e7ekle\u015ftiren Bakan G\u00f6kta\u015f, dualar e\u015fli\u011finde a\u00e7\u0131l\u0131\u015f kurdelesini kesti. Daha sona merkezi gezen Bakan G\u00f6kta\u015f, ya\u015fl\u0131 \u00e7\u0131narlar ile g\u00f6r\u00fc\u015ferek taleplerini dinledi.<br \/>\n<br \/>A\u00e7\u0131l\u0131\u015f\u0131n ard\u0131ndan Bakan G\u00f6kta\u015f\u2019\u0131n bir di\u011fer dura\u011f\u0131 ise Ayd\u0131n Tekstil Park\u0131 i\u00e7erisinde bulunan Ayd\u0131n B\u00fcy\u00fck\u015fehir Belediyesi Otizm Merkezi\u2019ni ziyaret etti. Belediyenin otizmli bireylere y\u00f6nelik verdi\u011fi hizmetleri yerinde inceleyen Bakan G\u00f6kta\u015f, duyarl\u0131l\u0131klar\u0131 i\u00e7in B\u00fcy\u00fck\u015fehir Belediye Ba\u015fkan\u0131 \u00d6zlem \u00c7er\u00e7io\u011flu\u2019na da te\u015fekk\u00fcr etti.<br \/>\n<br \/>Bakan G\u00f6kta\u015f\u2019\u0131n Ayd\u0131n\u2019daki son dura\u011f\u0131 ise AK Parti Ayd\u0131n \u0130l Ba\u015fkanl\u0131\u011f\u0131 oldu. Bakan G\u00f6kta\u015f beraberindeki heyet ile birlikte il binas\u0131n\u0131 ziyaret etti. AK Partililerle bir araya gelen Bakan G\u00f6kta\u015f, T\u00fcrkiye Y\u00fczy\u0131l\u0131 hedefiyle \u00e7al\u0131\u015fmalar\u0131n devam edece\u011fini vurgulad\u0131.<br \/><\/p>\n","protected":false},"excerpt":{"rendered":"<p>Ayd\u0131n\u2019da bir dizi ziyaret ger\u00e7ekle\u015ftiren Aile ve Sosyal Hizmetler Bakan\u0131 Mahinur \u00d6zdemir G\u00f6kta\u015f, Ayd\u0131n\u2019daki yat\u0131r\u0131m ve hizmetleri yerinde inceledi. T\u00fcrk Hava Yollar\u0131 (THY) U\u00e7u\u015f Akademisi\u2019nin mezuniyet t\u00f6reni i\u00e7in Ayd\u0131n\u2019a gelen Aile ve Sosyal Hizmetler Bakan\u0131 Mahinur \u00d6zdemir G\u00f6kta\u015f, t\u00f6ren sonras\u0131nda il genelinde bir dizi ziyaret ger\u00e7ekle\u015ftirdi. Ayd\u0131n \u00c7\u0131ld\u0131r Havaalan\u0131\u2019ndaki U\u00e7u\u015f Akademisi\u2019nde d\u00fczenlenen t\u00f6renin ard\u0131ndan Bakan&#8230;<\/p>\n","protected":false},"author":1,"featured_media":59715,"comment_status":"open","ping_status":"open","sticky":false,"template":"","format":"standard","meta":{"_crdt_document":"","footnotes":""},"categories":[1],"tags":[],"class_list":["post-59714","post","type-post","status-publish","format-standard","has-post-thumbnail","hentry","category-guncel"],"_links":{"self":[{"href":"https:\/\/www.egemtv.com\/index.php?rest_route=\/wp\/v2\/posts\/59714","targetHints":{"allow":["GET"]}}],"collection":[{"href":"https:\/\/www.egemtv.com\/index.php?rest_route=\/wp\/v2\/posts"}],"about":[{"href":"https:\/\/www.egemtv.com\/index.php?rest_route=\/wp\/v2\/types\/post"}],"author":[{"embeddable":true,"href":"https:\/\/www.egemtv.com\/index.php?rest_route=\/wp\/v2\/users\/1"}],"replies":[{"embeddable":true,"href":"https:\/\/www.egemtv.com\/index.php?rest_route=%2Fwp%2Fv2%2Fcomments&post=59714"}],"version-history":[{"count":1,"href":"https:\/\/www.egemtv.com\/index.php?rest_route=\/wp\/v2\/posts\/59714\/revisions"}],"predecessor-version":[{"id":59716,"href":"https:\/\/www.egemtv.com\/index.php?rest_route=\/wp\/v2\/posts\/59714\/revisions\/59716"}],"wp:featuredmedia":[{"embeddable":true,"href":"https:\/\/www.egemtv.com\/index.php?rest_route=\/wp\/v2\/media\/59715"}],"wp:attachment":[{"href":"https:\/\/www.egemtv.com\/index.php?rest_route=%2Fwp%2Fv2%2Fmedia&parent=59714"}],"wp:term":[{"taxonomy":"category","embeddable":true,"href":"https:\/\/www.egemtv.com\/index.php?rest_route=%2Fwp%2Fv2%2Fcategories&post=59714"},{"taxonomy":"post_tag","embeddable":true,"href":"https:\/\/www.egemtv.com\/index.php?rest_route=%2Fwp%2Fv2%2Ftags&post=59714"}],"curies":[{"name":"wp","href":"https:\/\/api.w.org\/{rel}","templated":true}]}}