{"id":59711,"date":"2025-10-06T16:14:54","date_gmt":"2025-10-06T13:14:54","guid":{"rendered":"https:\/\/www.egemtv.com\/?p=59711"},"modified":"2025-10-06T16:14:55","modified_gmt":"2025-10-06T13:14:55","slug":"thydan-priene-antik-kentine-tanitim-destegi-gelecek","status":"publish","type":"post","link":"https:\/\/www.egemtv.com\/?p=59711","title":{"rendered":"THY\u2019dan Priene Antik Kenti\u2019ne tan\u0131t\u0131m deste\u011fi gelecek"},"content":{"rendered":"<p>Ayd\u0131n\u2019\u0131n S\u00f6ke il\u00e7esinde bulunan Priene Antik Kenti\u2019nin UNESCO D\u00fcnya Kal\u0131c\u0131 Miras Listesi yolunda \u00f6nemli ad\u0131mlar at\u0131lmaya devam ediliyor. S\u00f6ke Priene Antik Kenti\u2019nin t\u00fcm d\u00fcnyada tan\u0131t\u0131m\u0131n\u0131n yap\u0131labilmesi i\u00e7in T\u00fcrk Hava Yollar\u0131 Teknik A.\u015e. Y\u00f6netim Kurulu ve \u0130cra Komitesi Ba\u015fkan\u0131 Prof. Dr. Ahmet Bolat\u2019\u0131 a\u011f\u0131rlad\u0131.<br \/>\n<br \/>Bolat, T\u00fcrkiye ve S\u00f6ke\u2019nin tarihi miraslar\u0131ndan biri olan Priene Antik Kenti\u2019ni ziyaret etti. S\u00f6ke Ticaret Odas\u0131 ve S\u00f6ke Belediyesi\u2019nin \u00f6nc\u00fcl\u00fc\u011f\u00fcnde ger\u00e7ekle\u015fen program, b\u00f6lge turizmini canland\u0131rma ve k\u00fclt\u00fcrel miras bilincini art\u0131rma hedefi ta\u015f\u0131yor.<br \/>\n<br \/>Ziyarette Prof. Dr. Bolat\u2019a; S\u00f6ke Belediye Ba\u015fkan\u0131 Dr. Mustafa \u0130berya Ar\u0131kan, S\u00f6ke Ticaret Odas\u0131 Y\u00f6netim Kurulu Ba\u015fkan\u0131 Metin Sakalar ve Meclis Ba\u015fkan\u0131 Veysel Kara ile oda y\u00f6netimi, Ayd\u0131n \u0130l K\u00fclt\u00fcr ve Turizm M\u00fcd\u00fcrl\u00fc\u011f\u00fc yetkilileri, Priene Antik Kenti Kaz\u0131 Ba\u015fkan\u0131 Prof. Dr. \u0130brahim Hakan Mert, Priene Antik Kenti Alan Ba\u015fkan\u0131 Mine A\u015f\u00e7\u0131, \u0130l\u00e7e Jandarma Komutan\u0131 \u00dcste\u011fmen Fatih Fu\u00e7ular e\u015flik etti.<\/p>\n<p>&#8220;Priene\u2019yi d\u00fcnyaya tan\u0131taca\u011f\u0131z&#8221;<br \/>\n<br \/>Ziyarette konu\u015fan Prof. Dr. Ahmet Bolat, Priene\u2019nin d\u00fcnya \u00e7ap\u0131nda tan\u0131t\u0131m\u0131 i\u00e7in \u00f6zel bir \u00e7al\u0131\u015fma ba\u015flatacaklar\u0131n\u0131 belirtti. Bolat a\u00e7\u0131klamas\u0131nda, &#8220;Priene Antik Kenti UNESCO\u2019nun kal\u0131c\u0131 miras listesinde yer almak i\u00e7in bekliyor. T\u00fcrkiye\u2019de 90 antik \u00f6ren yerimiz bu listede s\u0131rada. Her y\u0131l sadece bir tanesi dahil ediliyor. Biz bu s\u00fcreci h\u0131zland\u0131rmak ve Priene\u2019yi d\u00fcnyaya daha fazla tan\u0131tmak istiyoruz&#8221; dedi.<br \/>\n<br \/>THY olarak Priene\u2019nin tan\u0131t\u0131m\u0131 i\u00e7in \u00f6zel bir fon ay\u0131racaklar\u0131n\u0131 vurgulayan Bolat, &#8220;Bundan sonra d\u00fcnyan\u0131n d\u00f6rt bir yan\u0131ndan gazetecileri, YouTuber\u2019lar\u0131 buraya getirece\u011fiz. Deniz, kum, g\u00fcne\u015f turizmine gelen insanlar\u0131 antik kentlere y\u00f6nlendirmemiz gerekiyor. Ayd\u0131n Valimiz Yakup Canbolat ve Ayd\u0131n B\u00fcy\u00fck\u015fehir Belediye Ba\u015fkan\u0131m\u0131z \u00d6zlem \u00c7er\u00e7io\u011flu\u2019na s\u00f6z verdik; \u00f6n\u00fcm\u00fczdeki 5 y\u0131l boyunca bu b\u00f6lgeye yat\u0131r\u0131m yapaca\u011f\u0131z&#8221; dedi.<br \/>\n<br \/>Ziyareti s\u0131ras\u0131nda antik kentteki \u00f6\u011frencilerle de kar\u015f\u0131la\u015ft\u0131klar\u0131n\u0131 dile getiren Bolat, e\u011fitimle k\u00fclt\u00fcrel miras\u0131n birle\u015ftirilmesi gerekti\u011fini belirtti.<br \/>\n<br \/>S\u00f6ke Ticaret Odas\u0131 Ba\u015fkan\u0131 Metin Sakalar, ziyaretin Priene\u2019nin uluslararas\u0131 tan\u0131t\u0131m\u0131 ve UNESCO hedefi a\u00e7\u0131s\u0131ndan b\u00fcy\u00fck anlam ta\u015f\u0131d\u0131\u011f\u0131n\u0131 ifade etti. Sakalar, &#8220;T\u00fcrk Hava Yollar\u0131 gibi g\u00fc\u00e7l\u00fc bir markan\u0131n bu s\u00fcrece destek vermesi, b\u00f6lge turizmi i\u00e7in b\u00fcy\u00fck bir f\u0131rsat&#8221; dedi.<br \/>\n<br \/>Priene ba\u015fta olmak \u00fczere k\u00fclt\u00fcrel zenginliklerin toplumun ortak paydas\u0131 oldu\u011funu belirten S\u00f6ke Belediye Ba\u015fkan\u0131 Dr. Mustafa \u0130berya Ar\u0131kan, &#8220;\u00d6ren yerlerimiz bacas\u0131z fabrikalar. T\u00fcm dinamikleri harekete ge\u00e7irmek, turizmin canlanmas\u0131 dolay\u0131s\u0131yla G\u00fcll\u00fcbah\u00e7e, S\u00f6kemiz ve Ayd\u0131n\u2019\u0131m\u0131z ile t\u00fcm \u00fclkemize katma de\u011fer sa\u011flamay\u0131 ama\u00e7l\u0131yoruz. Bu ama\u00e7la \u00e7al\u0131\u015fmalar\u0131m\u0131z devam edecek&#8221; diye konu\u015ftu.<br \/><\/p>\n","protected":false},"excerpt":{"rendered":"<p>Ayd\u0131n\u2019\u0131n S\u00f6ke il\u00e7esinde bulunan Priene Antik Kenti\u2019nin UNESCO D\u00fcnya Kal\u0131c\u0131 Miras Listesi yolunda \u00f6nemli ad\u0131mlar at\u0131lmaya devam ediliyor. S\u00f6ke Priene Antik Kenti\u2019nin t\u00fcm d\u00fcnyada tan\u0131t\u0131m\u0131n\u0131n yap\u0131labilmesi i\u00e7in T\u00fcrk Hava Yollar\u0131 Teknik A.\u015e. Y\u00f6netim Kurulu ve \u0130cra Komitesi Ba\u015fkan\u0131 Prof. Dr. Ahmet Bolat\u2019\u0131 a\u011f\u0131rlad\u0131. Bolat, T\u00fcrkiye ve S\u00f6ke\u2019nin tarihi miraslar\u0131ndan biri olan Priene Antik Kenti\u2019ni ziyaret&#8230;<\/p>\n","protected":false},"author":1,"featured_media":59712,"comment_status":"open","ping_status":"open","sticky":false,"template":"","format":"standard","meta":{"_crdt_document":"","footnotes":""},"categories":[1],"tags":[],"class_list":["post-59711","post","type-post","status-publish","format-standard","has-post-thumbnail","hentry","category-guncel"],"_links":{"self":[{"href":"https:\/\/www.egemtv.com\/index.php?rest_route=\/wp\/v2\/posts\/59711","targetHints":{"allow":["GET"]}}],"collection":[{"href":"https:\/\/www.egemtv.com\/index.php?rest_route=\/wp\/v2\/posts"}],"about":[{"href":"https:\/\/www.egemtv.com\/index.php?rest_route=\/wp\/v2\/types\/post"}],"author":[{"embeddable":true,"href":"https:\/\/www.egemtv.com\/index.php?rest_route=\/wp\/v2\/users\/1"}],"replies":[{"embeddable":true,"href":"https:\/\/www.egemtv.com\/index.php?rest_route=%2Fwp%2Fv2%2Fcomments&post=59711"}],"version-history":[{"count":1,"href":"https:\/\/www.egemtv.com\/index.php?rest_route=\/wp\/v2\/posts\/59711\/revisions"}],"predecessor-version":[{"id":59713,"href":"https:\/\/www.egemtv.com\/index.php?rest_route=\/wp\/v2\/posts\/59711\/revisions\/59713"}],"wp:featuredmedia":[{"embeddable":true,"href":"https:\/\/www.egemtv.com\/index.php?rest_route=\/wp\/v2\/media\/59712"}],"wp:attachment":[{"href":"https:\/\/www.egemtv.com\/index.php?rest_route=%2Fwp%2Fv2%2Fmedia&parent=59711"}],"wp:term":[{"taxonomy":"category","embeddable":true,"href":"https:\/\/www.egemtv.com\/index.php?rest_route=%2Fwp%2Fv2%2Fcategories&post=59711"},{"taxonomy":"post_tag","embeddable":true,"href":"https:\/\/www.egemtv.com\/index.php?rest_route=%2Fwp%2Fv2%2Ftags&post=59711"}],"curies":[{"name":"wp","href":"https:\/\/api.w.org\/{rel}","templated":true}]}}