{"id":59708,"date":"2025-10-06T15:55:49","date_gmt":"2025-10-06T12:55:49","guid":{"rendered":"https:\/\/www.egemtv.com\/?p=59708"},"modified":"2025-10-06T15:55:51","modified_gmt":"2025-10-06T12:55:51","slug":"incir-ureticisi-aydin-ziraat-odasi-baskani-kendirliogluna-ates-puskurdu","status":"publish","type":"post","link":"https:\/\/www.egemtv.com\/?p=59708","title":{"rendered":"\u0130ncir \u00fcreticisi Ayd\u0131n Ziraat Odas\u0131 Ba\u015fkan\u0131 Kendirlio\u011flu\u2019na ate\u015f p\u00fcsk\u00fcrd\u00fc"},"content":{"rendered":"<p>Ayd\u0131n Ziraat Odalar\u0131 \u0130l Koordinasyon Kurulu ve Efeler Ziraat Odas\u0131 Ba\u015fkan\u0131 Mehmet Kendirlio\u011flu, incir \u00fcreticilerine \u00fcr\u00fcnlerini de\u011ferinin alt\u0131nda satmamalar\u0131 ve sab\u0131rl\u0131 olmalar\u0131 y\u00f6n\u00fcndeki a\u00e7\u0131klamas\u0131 \u00fczerine incir \u00fcreticileri Ba\u015fkan Kendirlio\u011flu\u2019na tepki g\u00f6sterdi.<\/p>\n<p>\u00c7ift\u00e7inin en \u00f6nemli temsilcisi olan Ziraat Odas\u0131 ba\u015fkanlar\u0131n\u0131 sorunlara kar\u015f\u0131 duyars\u0131zl\u0131kla su\u00e7layan \u00e7ift\u00e7iler, Ba\u015fkan Kendirlio\u011flu\u2019nun a\u00e7\u0131klamas\u0131na ili\u015fkin haberin alt\u0131na adeta yorum ya\u011fd\u0131rd\u0131. Ayd\u0131nl\u0131 incir \u00fcreticilerinden \u0130.A. adl\u0131 ki\u015fi Kendirlio\u011flu\u2019na &#8220;Milletin gaz\u0131n\u0131 almay\u0131 b\u0131rak\u0131n art\u0131k. \u0130hracat\u00e7\u0131n\u0131n oyununu millete anlat\u0131n. Bu y\u0131l\u0131n sorunu, tarihten bug\u00fcne yap\u0131lmayan ama 2 y\u0131ld\u0131r devreye giren analiz ve geminin 15 Eyl\u00fcl\u2019den 20 Ekim\u2019e al\u0131nmas\u0131d\u0131r. \u00d6n\u00fcm\u00fczdeki y\u0131l da bu hatalara d\u00fc\u015fmezsiniz in\u015fallah, yoksa o koltuklar\u0131 bo\u015funa me\u015fgul etmeyin. D\u00fcnyada alternatifi olmayan bir \u00fcr\u00fcn\u00fcn yeti\u015fti\u011fi iklimdeyiz. \u00c7ift\u00e7iler olarak bunun k\u0131ymetini bilmeliyiz. \u0130hracat\u00e7\u0131ya boyun e\u011fmeyece\u011fiz&#8221; yorumu ile cevap verdi.<\/p>\n<p>&#8220;Manisa, Hatay ve Antep incirinin Ayd\u0131n\u2019dan ihra\u00e7 edilmesine niye sessiz kal\u0131yorsunuz&#8221;<br \/>\n<br \/>M.K. isimli bir ba\u015fka incir \u00fcreticisi ise incirin bu hale d\u00fc\u015fmesinin sebebinin \u00fcretici de\u011fil bizzat ihracat\u00e7\u0131lar ve buna sessiz kalan \u00e7ift\u00e7i temsilcileri Ziraat Odas\u0131 ba\u015fkanlar\u0131 oldu\u011funu ileri s\u00fcrerek &#8220;Ba\u015fkan, Manisa\u2019n\u0131n, Hatay\u2019\u0131n Antep\u2019in incirini siz yer misiniz? Yemezsiniz. Avrupal\u0131 da yemez. Bu incirleri Ayd\u0131n\u2019dan Ayd\u0131n inciri imi\u015f gibi ihracata g\u00f6nderildi\u011fini bilip de ses \u00e7\u0131karmayanlar da bu durumdan sorumludur. Bu incirler g\u00fcmr\u00fckten ge\u00e7meyince zarar edip faturay\u0131 Ayd\u0131n incirine kesmek do\u011fru mu? Ayd\u0131n incirinde sorun \u00e7\u0131kmazken sorunun Ayd\u0131n incirinde imi\u015f gibi g\u00f6sterilmesi ve bizim temsilcilerimizin de bu oyunlara sessiz kalmas\u0131 \u00fcz\u00fcnt\u00fc verici&#8221; yorumunu payla\u015ft\u0131.<\/p>\n<p>Eycelli sakinleri ad\u0131na yap\u0131lan bir ba\u015fka yorumda ise &#8220;Sen de\u011fil miydin 15-20 g\u00fcn \u00f6nce \u2018\u0130ncir bol kalite g\u00fczel incirde s\u0131k\u0131nt\u0131 yok\u2019 diyen. Nas\u0131l de\u011fi\u015fik bir insans\u0131n sen. \u00c7ift\u00e7iyle dalga ge\u00e7iyorsun yaz\u0131klar olsun. Oturdu\u011funuz koltuktan kalk\u0131p bir zahmet b\u00f6lge b\u00f6lge gezseydiniz de g\u00f6rseydiniz \u00f6yle de\u011ferlendirme yapsayd\u0131n\u0131z&#8221; ifadelerine yer verildi.<\/p>\n<p>H.\u00c7. isimli bir ki\u015fi de &#8220;\u00dcretici temsilcisi bir kurumun ba\u015fkan\u0131 olarak bu siyasi s\u00f6ylemleri bo\u015f laflar\u0131 b\u0131rak\u0131p gerekli giri\u015fimlerde bulunup g\u00f6revinizi lay\u0131k\u0131yla yap\u0131n&#8221; ifadeleri kullan\u0131ld\u0131.<br \/><\/p>\n","protected":false},"excerpt":{"rendered":"<p>Ayd\u0131n Ziraat Odalar\u0131 \u0130l Koordinasyon Kurulu ve Efeler Ziraat Odas\u0131 Ba\u015fkan\u0131 Mehmet Kendirlio\u011flu, incir \u00fcreticilerine \u00fcr\u00fcnlerini de\u011ferinin alt\u0131nda satmamalar\u0131 ve sab\u0131rl\u0131 olmalar\u0131 y\u00f6n\u00fcndeki a\u00e7\u0131klamas\u0131 \u00fczerine incir \u00fcreticileri Ba\u015fkan Kendirlio\u011flu\u2019na tepki g\u00f6sterdi. \u00c7ift\u00e7inin en \u00f6nemli temsilcisi olan Ziraat Odas\u0131 ba\u015fkanlar\u0131n\u0131 sorunlara kar\u015f\u0131 duyars\u0131zl\u0131kla su\u00e7layan \u00e7ift\u00e7iler, Ba\u015fkan Kendirlio\u011flu\u2019nun a\u00e7\u0131klamas\u0131na ili\u015fkin haberin alt\u0131na adeta yorum ya\u011fd\u0131rd\u0131. Ayd\u0131nl\u0131 incir&#8230;<\/p>\n","protected":false},"author":1,"featured_media":59709,"comment_status":"open","ping_status":"open","sticky":false,"template":"","format":"standard","meta":{"_crdt_document":"","footnotes":""},"categories":[1],"tags":[],"class_list":["post-59708","post","type-post","status-publish","format-standard","has-post-thumbnail","hentry","category-guncel"],"_links":{"self":[{"href":"https:\/\/www.egemtv.com\/index.php?rest_route=\/wp\/v2\/posts\/59708","targetHints":{"allow":["GET"]}}],"collection":[{"href":"https:\/\/www.egemtv.com\/index.php?rest_route=\/wp\/v2\/posts"}],"about":[{"href":"https:\/\/www.egemtv.com\/index.php?rest_route=\/wp\/v2\/types\/post"}],"author":[{"embeddable":true,"href":"https:\/\/www.egemtv.com\/index.php?rest_route=\/wp\/v2\/users\/1"}],"replies":[{"embeddable":true,"href":"https:\/\/www.egemtv.com\/index.php?rest_route=%2Fwp%2Fv2%2Fcomments&post=59708"}],"version-history":[{"count":1,"href":"https:\/\/www.egemtv.com\/index.php?rest_route=\/wp\/v2\/posts\/59708\/revisions"}],"predecessor-version":[{"id":59710,"href":"https:\/\/www.egemtv.com\/index.php?rest_route=\/wp\/v2\/posts\/59708\/revisions\/59710"}],"wp:featuredmedia":[{"embeddable":true,"href":"https:\/\/www.egemtv.com\/index.php?rest_route=\/wp\/v2\/media\/59709"}],"wp:attachment":[{"href":"https:\/\/www.egemtv.com\/index.php?rest_route=%2Fwp%2Fv2%2Fmedia&parent=59708"}],"wp:term":[{"taxonomy":"category","embeddable":true,"href":"https:\/\/www.egemtv.com\/index.php?rest_route=%2Fwp%2Fv2%2Fcategories&post=59708"},{"taxonomy":"post_tag","embeddable":true,"href":"https:\/\/www.egemtv.com\/index.php?rest_route=%2Fwp%2Fv2%2Ftags&post=59708"}],"curies":[{"name":"wp","href":"https:\/\/api.w.org\/{rel}","templated":true}]}}