{"id":59705,"date":"2025-10-06T15:55:48","date_gmt":"2025-10-06T12:55:48","guid":{"rendered":"https:\/\/www.egemtv.com\/?p=59705"},"modified":"2025-10-06T15:55:49","modified_gmt":"2025-10-06T12:55:49","slug":"baskan-condur-pamuk-turkiyenin-stratejik-tarim-urunudur","status":"publish","type":"post","link":"https:\/\/www.egemtv.com\/?p=59705","title":{"rendered":"Ba\u015fkan \u00c7ondur: &#8220;Pamuk, T\u00fcrkiye\u2019nin stratejik tar\u0131m \u00fcr\u00fcn\u00fcd\u00fcr&#8221;"},"content":{"rendered":"<p>Ayd\u0131n Ticaret Borsas\u0131 (ATB) ve Ulusal Pamuk Konseyi (UPK) Y\u00f6netim Kurulu Ba\u015fkan\u0131 Fevzi \u00c7ondur, 7 Ekim D\u00fcnya Pamuk G\u00fcn\u00fc dolay\u0131s\u0131yla yapt\u0131\u011f\u0131 a\u00e7\u0131klamada, pamu\u011fun T\u00fcrkiye tar\u0131m\u0131 ve sanayisi i\u00e7in stratejik \u00f6nemine dikkat \u00e7ekti.<\/p>\n<p>Pamuk \u00fcretiminin yaln\u0131zca \u00e7ift\u00e7ilerle s\u0131n\u0131rl\u0131 olmad\u0131\u011f\u0131n\u0131, tar\u0131m, sanayi ve ihracat\u0131 kapsayan geni\u015f bir s\u00fcreci bar\u0131nd\u0131rd\u0131\u011f\u0131n\u0131 vurgulayan \u00c7ondur, &#8220;Pamuk, yaln\u0131zca tar\u0131msal bir \u00fcr\u00fcn de\u011fil, tekstilden haz\u0131r giyime kadar uzanan geni\u015f bir de\u011fer zincirinin temel hammaddesi olarak \u00fclkemiz i\u00e7in stratejik \u00f6neme sahip bir \u00fcr\u00fcnd\u00fcr. Ulusal Pamuk Konseyi olarak sekt\u00f6r\u00fcn t\u00fcm taraflar\u0131yla i\u015f birli\u011fi i\u00e7inde \u00e7\u00f6z\u00fcm aray\u0131\u015flar\u0131n\u0131 s\u00fcrd\u00fcrece\u011fiz&#8221; dedi. D\u00fcnyadaki en b\u00fcy\u00fck pamuk \u00fcreticisi \u00fclkelerin \u00c7in, Hindistan, Brezilya, ABD, Pakistan, Avustralya oldu\u011funu belirten \u00c7ondur, T\u00fcrkiye\u2019nin 7\u2019nci s\u0131rada yer ald\u0131\u011f\u0131n\u0131 ifade etti.<\/p>\n<p>Uluslararas\u0131 Pamuk Dan\u0131\u015fma Komitesi (ICAC) verilene g\u00f6re pamuk ekim alan\u0131 ve \u00fcretimiyle ilgili veriler payla\u015fan Fevzi \u00c7ondur, yapt\u0131\u011f\u0131 de\u011ferlendirmede &#8220;ICAC verilerine g\u00f6re 2024-2025 sezonunda d\u00fcnya genelinde 30 milyon 692 bin hektar pamuk ekim alan\u0131nda 25 milyon 287 bin ton pamuk \u00fcretimi yap\u0131ld\u0131. \u00dclkemiz, pamuk ekim alan\u0131nda 465 bin hektarla 12\u2019nci s\u0131rada yer al\u0131rken pamuk \u00fcretiminde ise 840 bin ton ile 7\u2019nci s\u0131rada yer buldu. Pamuk ithalat\u0131nda ise yakla\u015f\u0131k 1 milyon ton ile 4\u2019\u00fcnc\u00fc s\u0131rada yer ald\u0131. ICAC 2025-2026 sezonuna ili\u015fkin tahminlerini inceledi\u011fimizde, d\u00fcnya genelinde 30 milyon 418 bin hektar ekim alan\u0131nda 25 milyon 438 bin ton pamuk \u00fcretimi bekleniyor. \u00dclkemizin pamuk ekim alanlar\u0131n\u0131n ise 430 bin hektara gerilemesi, \u00fcretimin ise 780 bin tona d\u00fc\u015fmesi \u00f6ng\u00f6r\u00fcl\u00fcyor. Pamuk ithalat\u0131m\u0131z\u0131n da yakla\u015f\u0131k 1 milyon ton seviyesinde seyretmesi beklenmektedir&#8221; ifadelerine yer verdi.<\/p>\n<p>&#8220;\u0130klim de\u011fi\u015fikli\u011fi pamuk \u00fcretimini tehdit ediyor&#8221;<br \/>\n<br \/>\u0130klim de\u011fi\u015fikli\u011finin tar\u0131m \u00fczerindeki y\u0131k\u0131c\u0131 etkilerine dikkat \u00e7eken \u00c7ondur, \u00f6zellikle son y\u0131llarda giderek artan kurakl\u0131k nedeniyle pamuk \u00fcreticilerinin ciddi verim kay\u0131plar\u0131yla kar\u015f\u0131 kar\u015f\u0131ya kald\u0131\u011f\u0131n\u0131 vurgulad\u0131. T\u00fcrkiye\u2019nin bir\u00e7ok pamuk \u00fcretim b\u00f6lgesinde ya\u011f\u0131\u015f rejimlerinin de\u011fi\u015fti\u011fini, yer alt\u0131 su seviyelerinin azald\u0131\u011f\u0131n\u0131 ve sulama imkanlar\u0131n\u0131n her ge\u00e7en g\u00fcn k\u0131s\u0131tland\u0131\u011f\u0131n\u0131 belirten \u00c7ondur, &#8220;\u0130klim de\u011fi\u015fikli\u011fi ve su kaynaklar\u0131ndaki daralma, pamuk \u00fcretimi a\u00e7\u0131s\u0131ndan en b\u00fcy\u00fck tehditlerden biridir. \u0130klim kaynakl\u0131 su yetersizli\u011fi, \u00fcretim planlamas\u0131n\u0131 imk\u00e2ns\u0131z hale getiriyor. Sulama maliyetleri artarken, suya ula\u015famayan \u00fcretici pamuk ekmekten vazge\u00e7iyor. Bu yaln\u0131zca tar\u0131msal bir sorun de\u011fil, ayn\u0131 zamanda k\u0131rsal kalk\u0131nma ve ekonomik istikrar sorunudur&#8221; dedi.<\/p>\n<p>Pamuk \u00fcretiminin iklim de\u011fi\u015fikli\u011finden en fazla etkilenen alanlardan biri oldu\u011funu vurgulayan \u00c7ondur, &#8220;Bu kapsamda bas\u0131n\u00e7l\u0131 sulama y\u00f6ntemlerinin yayg\u0131nla\u015ft\u0131r\u0131lmas\u0131, yeni sulama projelerinin devreye al\u0131nmas\u0131 ve suyun etkin y\u00f6netimi konusunda ortak bir irade sergilenmesi gerekmektedir.  \u0130klim \u015fartlar\u0131na dayan\u0131kl\u0131, suyu daha verimli kullanan pamuk \u00e7e\u015fitleri geli\u015ftirilmeli ve bu \u00e7e\u015fitler \u00fcreticiyle bulu\u015fturulmal\u0131d\u0131r. Bu alandaki AR-GE \u00e7al\u0131\u015fmalar\u0131 desteklenmelidir. S\u00fcrd\u00fcr\u00fclebilir pamuk \u00fcretimi i\u00e7in su y\u00f6netimi art\u0131k ertelenemez bir konudur. \u0130klim \u015fartlar\u0131na uyum sa\u011flayan b\u00fct\u00fcnc\u00fcl stratejiler geli\u015ftirilmezse, ya\u015fanacak kay\u0131plar yaln\u0131zca \u00fcreticiyle s\u0131n\u0131rl\u0131 kalmaz; \u00fclke ekonomisi de ciddi \u015fekilde etkilenir&#8221; a\u00e7\u0131klamas\u0131nda bulundu.<\/p>\n<p>&#8220;Planl\u0131 \u00fcretim modelinin hayata ge\u00e7irilmesi b\u00fcy\u00fck \u00f6nem ta\u015f\u0131maktad\u0131r&#8221;<br \/>\n<br \/>\u0130klim de\u011fi\u015fikli\u011finin yan\u0131 s\u0131ra pamuk \u00fcreticilerinin kar\u015f\u0131 kar\u015f\u0131ya kald\u0131\u011f\u0131 girdi maliyetlerindeki art\u0131\u015fa da de\u011finen \u00c7ondur, &#8220;Girdi maliyetleri \u00fcreticilerin s\u00fcrd\u00fcr\u00fclebilirli\u011fini zorlamakta, mevcut fark \u00f6demesi destekleri ise pamuk \u00fcretimini te\u015fvik etmede yetersiz kalmaktad\u0131r.<br \/>\n<br \/>Bu noktada, desteklerin g\u00fcn\u00fcm\u00fcz \u015fartlar\u0131na uygun hale getirilmesi, \u00f6deme takvimlerinin \u00fcreticilerin finansal ihtiya\u00e7lar\u0131yla \u00f6rt\u00fc\u015fecek \u015fekilde d\u00fczenlenmesi ve planl\u0131 \u00fcretim modelinin hayata ge\u00e7irilmesi b\u00fcy\u00fck \u00f6nem ta\u015f\u0131maktad\u0131r. Belirsizlik ortam\u0131, \u00f6zellikle k\u00fc\u00e7\u00fck \u00f6l\u00e7ekli \u00e7ift\u00e7ilerde \u00fcretimden tamamen vazge\u00e7me riskini art\u0131rmaktad\u0131r. Ayr\u0131ca, finansmana eri\u015fim \u00fcretim s\u00fcrecinde belirleyici bir fakt\u00f6rd\u00fcr. Finansmana eri\u015fimin \u00f6n\u00fcndeki engeller kald\u0131r\u0131lmal\u0131, \u00fcreticilerin uygun faiz oranlar\u0131yla daha geni\u015f kapsaml\u0131 finansmana ula\u015fabilmesi sa\u011flanmal\u0131d\u0131r. Bu durum, tar\u0131msal \u00fcretimin s\u00fcrd\u00fcr\u00fclebilirli\u011fi a\u00e7\u0131s\u0131ndan b\u00fcy\u00fck \u00f6nem ta\u015f\u0131maktad\u0131r&#8221; dedi.<\/p>\n<p>&#8220;Pamu\u011fumuza sahip \u00e7\u0131kmal\u0131y\u0131z&#8221;<br \/>\n<br \/>T\u00fcrkiye\u2019nin y\u0131ll\u0131k pamuk ihtiyac\u0131n\u0131n yakla\u015f\u0131k 1,6 milyon ton oldu\u011funu belirten Ayd\u0131n Ticaret Borsas\u0131 (ATB) ve Ulusal Pamuk Konseyi (UPK) Y\u00f6netim Kurulu Ba\u015fkan\u0131 Fevzi \u00c7ondur, &#8220;\u00dclkemiz ihracat\u0131n ve istihdam\u0131n lokomotif sekt\u00f6rleri aras\u0131nda yer alan tekstil ve haz\u0131r giyim sekt\u00f6r\u00fcn\u00fcn hammaddesi pamuktur. Y\u00fcz binlerce \u00fcreticimizin ge\u00e7im kayna\u011f\u0131, milyonlarca insan\u0131m\u0131za da istihdam sa\u011flayan stratejik bir \u00fcr\u00fcnd\u00fcr. Tekstil ve haz\u0131r giyim sekt\u00f6r\u00fc, T\u00fcrkiye ihracat\u0131nda yakla\u015f\u0131k y\u00fczde 30 paya sahiptir. Ancak son d\u00f6nemde ya\u015fanan maliyet art\u0131\u015flar\u0131 nedeniyle sanayicilerin, \u00f6zellikle i\u015f g\u00fcc\u00fc ve enerji maliyetlerinin d\u00fc\u015f\u00fck oldu\u011fu \u00fclkelere y\u00f6neldi\u011fi g\u00f6r\u00fclmektedir. Pamuk \u00fcretimimiz sekt\u00f6r\u00fcn ihtiya\u00e7 duydu\u011fu hammaddeyi kar\u015f\u0131lamamakta, pamuk ithalat\u0131m\u0131z ise artmaktad\u0131r. Tekstil ve haz\u0131r giyim sanayinin ihracattaki \u00f6nc\u00fc rol\u00fc bir ger\u00e7ektir. Sekt\u00f6r\u00fcn en b\u00fcy\u00fck g\u00fcc\u00fc, kendi hammaddesini \u00fcretme kapasitesindedir. \u00dcretim zincirinin korunmas\u0131 ve rekabet g\u00fcc\u00fcn\u00fcn s\u00fcrd\u00fcr\u00fclmesi i\u00e7in acilen yeni destek politikalar\u0131n\u0131n hayata ge\u00e7irilmesi gerekmektedir. Yerli pamuk \u00fcretiminin art\u0131r\u0131lmas\u0131, lisansl\u0131 depoculuk sisteminin daha etkin hale getirilmesi, elektronik \u00fcr\u00fcn senedi piyasalar\u0131n\u0131n geli\u015ftirilmesi ve \u00fcretici-sanayici ba\u011f\u0131n\u0131n g\u00fc\u00e7lendirilmesi temel \u00f6ncelikler aras\u0131nda yer almal\u0131d\u0131r&#8221; diye konu\u015ftu.<\/p>\n<p>D\u00fcnya Pamuk G\u00fcn\u00fc\u2019n\u00fcn, pamu\u011fun tar\u0131mdan sanayiye kadar uzanan geni\u015f yelpazedeki rol\u00fcn\u00fc hat\u0131rlatmak a\u00e7\u0131s\u0131ndan \u00f6nemli oldu\u011funa i\u015faret eden \u00c7ondur, &#8220;Pamuk, \u00e7evre dostu, do\u011fa ile uyumlu ve gelece\u011fimiz i\u00e7in vazge\u00e7ilmez bir \u00fcr\u00fcnd\u00fcr. Daha \u00e7ok \u00fcretim, daha \u00e7ok istihdam ve daha g\u00fc\u00e7l\u00fc bir ekonomi i\u00e7in pamu\u011fumuza sahip \u00e7\u0131kmal\u0131y\u0131z. Pamuk \u00fcretimi \u00fclkemiz i\u00e7in stratejik \u00f6nemdedir. \u00dcreticimizin, t\u00fcccar\u0131m\u0131z\u0131n ve sanayicimizin s\u00fcrd\u00fcr\u00fclebilirli\u011fini temin edecek g\u00fc\u00e7l\u00fc bir tar\u0131m-sanayi politikas\u0131 art\u0131k elzemdir. Ulusal Pamuk Konseyi olarak, sekt\u00f6r\u00fcn t\u00fcm taraflar\u0131yla i\u015f birli\u011fi i\u00e7inde \u00e7\u00f6z\u00fcm aray\u0131\u015flar\u0131m\u0131z\u0131 s\u00fcrd\u00fcrece\u011fiz&#8221; dedi.<br \/><\/p>\n","protected":false},"excerpt":{"rendered":"<p>Ayd\u0131n Ticaret Borsas\u0131 (ATB) ve Ulusal Pamuk Konseyi (UPK) Y\u00f6netim Kurulu Ba\u015fkan\u0131 Fevzi \u00c7ondur, 7 Ekim D\u00fcnya Pamuk G\u00fcn\u00fc dolay\u0131s\u0131yla yapt\u0131\u011f\u0131 a\u00e7\u0131klamada, pamu\u011fun T\u00fcrkiye tar\u0131m\u0131 ve sanayisi i\u00e7in stratejik \u00f6nemine dikkat \u00e7ekti. Pamuk \u00fcretiminin yaln\u0131zca \u00e7ift\u00e7ilerle s\u0131n\u0131rl\u0131 olmad\u0131\u011f\u0131n\u0131, tar\u0131m, sanayi ve ihracat\u0131 kapsayan geni\u015f bir s\u00fcreci bar\u0131nd\u0131rd\u0131\u011f\u0131n\u0131 vurgulayan \u00c7ondur, &#8220;Pamuk, yaln\u0131zca tar\u0131msal bir \u00fcr\u00fcn de\u011fil,&#8230;<\/p>\n","protected":false},"author":1,"featured_media":59706,"comment_status":"open","ping_status":"open","sticky":false,"template":"","format":"standard","meta":{"_crdt_document":"","footnotes":""},"categories":[1],"tags":[],"class_list":["post-59705","post","type-post","status-publish","format-standard","has-post-thumbnail","hentry","category-guncel"],"_links":{"self":[{"href":"https:\/\/www.egemtv.com\/index.php?rest_route=\/wp\/v2\/posts\/59705","targetHints":{"allow":["GET"]}}],"collection":[{"href":"https:\/\/www.egemtv.com\/index.php?rest_route=\/wp\/v2\/posts"}],"about":[{"href":"https:\/\/www.egemtv.com\/index.php?rest_route=\/wp\/v2\/types\/post"}],"author":[{"embeddable":true,"href":"https:\/\/www.egemtv.com\/index.php?rest_route=\/wp\/v2\/users\/1"}],"replies":[{"embeddable":true,"href":"https:\/\/www.egemtv.com\/index.php?rest_route=%2Fwp%2Fv2%2Fcomments&post=59705"}],"version-history":[{"count":1,"href":"https:\/\/www.egemtv.com\/index.php?rest_route=\/wp\/v2\/posts\/59705\/revisions"}],"predecessor-version":[{"id":59707,"href":"https:\/\/www.egemtv.com\/index.php?rest_route=\/wp\/v2\/posts\/59705\/revisions\/59707"}],"wp:featuredmedia":[{"embeddable":true,"href":"https:\/\/www.egemtv.com\/index.php?rest_route=\/wp\/v2\/media\/59706"}],"wp:attachment":[{"href":"https:\/\/www.egemtv.com\/index.php?rest_route=%2Fwp%2Fv2%2Fmedia&parent=59705"}],"wp:term":[{"taxonomy":"category","embeddable":true,"href":"https:\/\/www.egemtv.com\/index.php?rest_route=%2Fwp%2Fv2%2Fcategories&post=59705"},{"taxonomy":"post_tag","embeddable":true,"href":"https:\/\/www.egemtv.com\/index.php?rest_route=%2Fwp%2Fv2%2Ftags&post=59705"}],"curies":[{"name":"wp","href":"https:\/\/api.w.org\/{rel}","templated":true}]}}