{"id":59699,"date":"2025-10-06T15:55:45","date_gmt":"2025-10-06T12:55:45","guid":{"rendered":"https:\/\/www.egemtv.com\/?p=59699"},"modified":"2025-10-06T15:55:47","modified_gmt":"2025-10-06T12:55:47","slug":"germencikte-lise-ogrencilerinden-anlamli-bagis","status":"publish","type":"post","link":"https:\/\/www.egemtv.com\/?p=59699","title":{"rendered":"Germencik\u2019te lise \u00f6\u011frencilerinden anlaml\u0131 ba\u011f\u0131\u015f"},"content":{"rendered":"<p>Ayd\u0131n\u2019\u0131n Germencik il\u00e7esinde lise \u00f6\u011frencileri, belediyenin Sokak Hayvanlar\u0131 Merkezi\u2019ne mama ba\u011f\u0131\u015f\u0131nda bulundu.<\/p>\n<p>Germencik Anadolu Lisesi \u00f6\u011frencileri, 4 Ekim Hayvanlar\u0131 Koruma G\u00fcn\u00fc dolay\u0131s\u0131yla anlaml\u0131 bir etkinli\u011fe imza att\u0131. Okul y\u00f6netim kadrosu ve \u00f6\u011frencileri Germencik Belediyesi Sokak Hayvanlar\u0131 Tedavi ve Rehabilitasyon Merkezi\u2019ne 10 paket mama ba\u011f\u0131\u015flad\u0131.<\/p>\n<p>\u00d6\u011fretmen Ay\u015fe Ak\u0131n Y\u0131ld\u0131r\u0131m, etkinli\u011fin amac\u0131n\u0131 \u015fu s\u00f6zlerle anlatt\u0131:<br \/>\n<br \/>&#8220;Hayvanlara zarar vermemek ve onlar\u0131n ya\u015fam hakk\u0131na sayg\u0131 g\u00f6stermek, hepimizin sorumlulu\u011fudur. Bu sorumluluk hem vicdan\u0131n hem de inanc\u0131n ortak \u00e7a\u011fr\u0131s\u0131d\u0131r. Hayvan sevgisi k\u00fc\u00e7\u00fck ya\u015fta kazand\u0131r\u0131l\u0131rsa daha merhametli bir toplum oluruz. Bu etkinlikle g\u00f6rd\u00fck ki gelece\u011fin vicdanl\u0131, hayvan dostu bireylerini yeti\u015ftiriyoruz\u2018\u2019<br \/><\/p>\n","protected":false},"excerpt":{"rendered":"<p>Ayd\u0131n\u2019\u0131n Germencik il\u00e7esinde lise \u00f6\u011frencileri, belediyenin Sokak Hayvanlar\u0131 Merkezi\u2019ne mama ba\u011f\u0131\u015f\u0131nda bulundu. Germencik Anadolu Lisesi \u00f6\u011frencileri, 4 Ekim Hayvanlar\u0131 Koruma G\u00fcn\u00fc dolay\u0131s\u0131yla anlaml\u0131 bir etkinli\u011fe imza att\u0131. Okul y\u00f6netim kadrosu ve \u00f6\u011frencileri Germencik Belediyesi Sokak Hayvanlar\u0131 Tedavi ve Rehabilitasyon Merkezi\u2019ne 10 paket mama ba\u011f\u0131\u015flad\u0131. \u00d6\u011fretmen Ay\u015fe Ak\u0131n Y\u0131ld\u0131r\u0131m, etkinli\u011fin amac\u0131n\u0131 \u015fu s\u00f6zlerle anlatt\u0131: &#8220;Hayvanlara zarar&#8230;<\/p>\n","protected":false},"author":1,"featured_media":59700,"comment_status":"open","ping_status":"open","sticky":false,"template":"","format":"standard","meta":{"_crdt_document":"","footnotes":""},"categories":[1],"tags":[],"class_list":["post-59699","post","type-post","status-publish","format-standard","has-post-thumbnail","hentry","category-guncel"],"_links":{"self":[{"href":"https:\/\/www.egemtv.com\/index.php?rest_route=\/wp\/v2\/posts\/59699","targetHints":{"allow":["GET"]}}],"collection":[{"href":"https:\/\/www.egemtv.com\/index.php?rest_route=\/wp\/v2\/posts"}],"about":[{"href":"https:\/\/www.egemtv.com\/index.php?rest_route=\/wp\/v2\/types\/post"}],"author":[{"embeddable":true,"href":"https:\/\/www.egemtv.com\/index.php?rest_route=\/wp\/v2\/users\/1"}],"replies":[{"embeddable":true,"href":"https:\/\/www.egemtv.com\/index.php?rest_route=%2Fwp%2Fv2%2Fcomments&post=59699"}],"version-history":[{"count":1,"href":"https:\/\/www.egemtv.com\/index.php?rest_route=\/wp\/v2\/posts\/59699\/revisions"}],"predecessor-version":[{"id":59701,"href":"https:\/\/www.egemtv.com\/index.php?rest_route=\/wp\/v2\/posts\/59699\/revisions\/59701"}],"wp:featuredmedia":[{"embeddable":true,"href":"https:\/\/www.egemtv.com\/index.php?rest_route=\/wp\/v2\/media\/59700"}],"wp:attachment":[{"href":"https:\/\/www.egemtv.com\/index.php?rest_route=%2Fwp%2Fv2%2Fmedia&parent=59699"}],"wp:term":[{"taxonomy":"category","embeddable":true,"href":"https:\/\/www.egemtv.com\/index.php?rest_route=%2Fwp%2Fv2%2Fcategories&post=59699"},{"taxonomy":"post_tag","embeddable":true,"href":"https:\/\/www.egemtv.com\/index.php?rest_route=%2Fwp%2Fv2%2Ftags&post=59699"}],"curies":[{"name":"wp","href":"https:\/\/api.w.org\/{rel}","templated":true}]}}