{"id":59696,"date":"2025-10-06T15:55:44","date_gmt":"2025-10-06T12:55:44","guid":{"rendered":"https:\/\/www.egemtv.com\/?p=59696"},"modified":"2025-10-06T15:55:45","modified_gmt":"2025-10-06T12:55:45","slug":"ak-parti-kutahya-il-kadin-kollari-baskanligindan-gazze-icin-sessiz-ciglik-zinciri","status":"publish","type":"post","link":"https:\/\/www.egemtv.com\/?p=59696","title":{"rendered":"AK Parti K\u00fctahya \u0130l Kad\u0131n Kollar\u0131 Ba\u015fkanl\u0131\u011f\u0131\u2019ndan Gazze i\u00e7in sessiz \u00e7\u0131\u011fl\u0131k zinciri"},"content":{"rendered":"<p>AK Parti K\u00fctahya \u0130l Kad\u0131n Kollar\u0131, Gazze\u2019de ya\u015fanan insanl\u0131k dram\u0131na dikkat \u00e7ekmek amac\u0131yla T\u00fcrkiye\u2019nin 81 ilinde e\u015f zamanl\u0131 olarak d\u00fczenlenen &#8220;Sessiz \u00c7\u0131\u011fl\u0131k Zinciri&#8221;ne K\u00fctahya\u2019dan destek verdi. \u0130l Kad\u0131n Kollar\u0131 Ba\u015fkan\u0131 Sevde Nur Karabacak \u00c7ak\u0131c\u0131, yapt\u0131\u011f\u0131 bas\u0131n a\u00e7\u0131klamas\u0131nda Gazze\u2019de ya\u015fanan zulme kar\u015f\u0131 kad\u0131nlar\u0131n vicdan\u0131yla meydanlarda oldu\u011funu vurgulad\u0131.<br \/>\n<br \/>Karabacak \u00c7ak\u0131c\u0131, a\u00e7\u0131klamas\u0131nda duvarlara kanla yaz\u0131lm\u0131\u015f isimlerin, kaybedilmi\u015f hayallerin ve yitirilen \u00e7ocukluklar\u0131n sembol\u00fc haline gelen Gazze i\u00e7in art\u0131k sessiz kal\u0131namayaca\u011f\u0131n\u0131 ifade etti. &#8220;Bug\u00fcn kad\u0131nlar olarak Gazze\u2019nin sessiz \u00e7\u0131\u011fl\u0131\u011f\u0131na ses olmak i\u00e7in el ele verdik&#8221; diyen \u00c7ak\u0131c\u0131, kurulan zincirin yaln\u0131zca bir eylem de\u011fil, insanl\u0131k onuruna sahip \u00e7\u0131kma iradesi oldu\u011funu s\u00f6yledi.<\/p>\n<p>&#8220;Gazze, ilahi kelam\u0131n sars\u0131c\u0131 bir imtihan\u0131d\u0131r&#8221;<br \/>\n<br \/>\u00c7ak\u0131c\u0131, a\u00e7\u0131klamas\u0131nda Kur\u2019an-\u0131 Kerim\u2019in Maide Suresi\u2019nden iktibas yaparak, &#8220;Bir insan\u0131 \u00f6ld\u00fcren, b\u00fct\u00fcn insanl\u0131\u011f\u0131 \u00f6ld\u00fcrm\u00fc\u015f gibidir. Bir can\u0131 ya\u015fatan, b\u00fct\u00fcn insanl\u0131\u011f\u0131 ya\u015fatm\u0131\u015f gibidir&#8221; ayetini hat\u0131rlatt\u0131. Gazze\u2019nin bu ilahi kelam\u0131n sars\u0131c\u0131 bir imtihan\u0131 oldu\u011funu s\u00f6yleyen \u00c7ak\u0131c\u0131, t\u00fcm insanl\u0131\u011f\u0131 vicdanl\u0131 olmaya \u00e7a\u011f\u0131rd\u0131.<br \/>\n<br \/>T\u00fcm d\u00fcnyadaki kad\u0131nlara ve k\u0131z karde\u015flerine seslenen Karabacak \u00c7ak\u0131c\u0131, &#8220;Biz bug\u00fcn t\u00fcm kimliklerimizden s\u0131yr\u0131larak yaln\u0131zca kad\u0131n kimli\u011fimizle buraday\u0131z. \u00c7\u00fcnk\u00fc bu mesele insanl\u0131k meselesidir&#8221; diyerek, bar\u0131\u015f\u0131n kad\u0131nlar\u0131n sesiyle m\u00fcmk\u00fcn olabilece\u011fini vurgulad\u0131.<br \/>\n<br \/>Karabacak \u00c7ak\u0131c\u0131, uluslararas\u0131 sularda \u0130srail taraf\u0131ndan m\u00fcdahale edilen K\u00fcresel Sumud Filosu\u2019na da de\u011finerek, T\u00fcrkiye\u2019nin bu adaletsizlik kar\u015f\u0131s\u0131nda sessiz kalmad\u0131\u011f\u0131n\u0131 ve Cumhurba\u015fkan\u0131 Erdo\u011fan\u2019\u0131n liderli\u011finde 13 \u00fclkeden 101 g\u00f6n\u00fcll\u00fcn\u00fcn g\u00fcvenli d\u00f6n\u00fc\u015flerinin sa\u011fland\u0131\u011f\u0131n\u0131 belirtti. &#8220;Biz de bu kahramanlar\u0131n \u00fclkemize d\u00f6n\u00fc\u015flerinde yanlar\u0131nda olduk&#8221; dedi.<br \/>\n<br \/>Konu\u015fmas\u0131n\u0131n sonunda Filistin i\u00e7in \u00f6zg\u00fcrl\u00fck \u00e7a\u011fr\u0131s\u0131 yapan \u00c7ak\u0131c\u0131, &#8220;Nehirden denize \u00f6zg\u00fcr Filistin&#8221; slogan\u0131yla s\u00f6zlerini tamamlad\u0131 ve meydandaki t\u00fcm kad\u0131nlar\u0131 sessiz \u00e7\u0131\u011fl\u0131k zincirine kat\u0131lmaya davet etti.<br \/><\/p>\n","protected":false},"excerpt":{"rendered":"<p>AK Parti K\u00fctahya \u0130l Kad\u0131n Kollar\u0131, Gazze\u2019de ya\u015fanan insanl\u0131k dram\u0131na dikkat \u00e7ekmek amac\u0131yla T\u00fcrkiye\u2019nin 81 ilinde e\u015f zamanl\u0131 olarak d\u00fczenlenen &#8220;Sessiz \u00c7\u0131\u011fl\u0131k Zinciri&#8221;ne K\u00fctahya\u2019dan destek verdi. \u0130l Kad\u0131n Kollar\u0131 Ba\u015fkan\u0131 Sevde Nur Karabacak \u00c7ak\u0131c\u0131, yapt\u0131\u011f\u0131 bas\u0131n a\u00e7\u0131klamas\u0131nda Gazze\u2019de ya\u015fanan zulme kar\u015f\u0131 kad\u0131nlar\u0131n vicdan\u0131yla meydanlarda oldu\u011funu vurgulad\u0131. Karabacak \u00c7ak\u0131c\u0131, a\u00e7\u0131klamas\u0131nda duvarlara kanla yaz\u0131lm\u0131\u015f isimlerin, kaybedilmi\u015f hayallerin&#8230;<\/p>\n","protected":false},"author":1,"featured_media":59697,"comment_status":"open","ping_status":"open","sticky":false,"template":"","format":"standard","meta":{"_crdt_document":"","footnotes":""},"categories":[123],"tags":[],"class_list":["post-59696","post","type-post","status-publish","format-standard","has-post-thumbnail","hentry","category-gundem"],"_links":{"self":[{"href":"https:\/\/www.egemtv.com\/index.php?rest_route=\/wp\/v2\/posts\/59696","targetHints":{"allow":["GET"]}}],"collection":[{"href":"https:\/\/www.egemtv.com\/index.php?rest_route=\/wp\/v2\/posts"}],"about":[{"href":"https:\/\/www.egemtv.com\/index.php?rest_route=\/wp\/v2\/types\/post"}],"author":[{"embeddable":true,"href":"https:\/\/www.egemtv.com\/index.php?rest_route=\/wp\/v2\/users\/1"}],"replies":[{"embeddable":true,"href":"https:\/\/www.egemtv.com\/index.php?rest_route=%2Fwp%2Fv2%2Fcomments&post=59696"}],"version-history":[{"count":1,"href":"https:\/\/www.egemtv.com\/index.php?rest_route=\/wp\/v2\/posts\/59696\/revisions"}],"predecessor-version":[{"id":59698,"href":"https:\/\/www.egemtv.com\/index.php?rest_route=\/wp\/v2\/posts\/59696\/revisions\/59698"}],"wp:featuredmedia":[{"embeddable":true,"href":"https:\/\/www.egemtv.com\/index.php?rest_route=\/wp\/v2\/media\/59697"}],"wp:attachment":[{"href":"https:\/\/www.egemtv.com\/index.php?rest_route=%2Fwp%2Fv2%2Fmedia&parent=59696"}],"wp:term":[{"taxonomy":"category","embeddable":true,"href":"https:\/\/www.egemtv.com\/index.php?rest_route=%2Fwp%2Fv2%2Fcategories&post=59696"},{"taxonomy":"post_tag","embeddable":true,"href":"https:\/\/www.egemtv.com\/index.php?rest_route=%2Fwp%2Fv2%2Ftags&post=59696"}],"curies":[{"name":"wp","href":"https:\/\/api.w.org\/{rel}","templated":true}]}}