{"id":59693,"date":"2025-10-06T15:55:43","date_gmt":"2025-10-06T12:55:43","guid":{"rendered":"https:\/\/www.egemtv.com\/?p=59693"},"modified":"2025-10-06T15:55:44","modified_gmt":"2025-10-06T12:55:44","slug":"milletvekili-un-vicdan-gemisinden-seslendi-hepimiz-gazze-ve-filistin-icin-cabalamaliyiz","status":"publish","type":"post","link":"https:\/\/www.egemtv.com\/?p=59693","title":{"rendered":"Milletvekili \u00dcn, Vicdan gemisinden seslendi; &#8220;Hepimiz Gazze ve Filistin i\u00e7in \u00e7abalamal\u0131y\u0131z&#8221;"},"content":{"rendered":"<p>\u0130srail\u2019in Gazze\u2019ye uygulad\u0131\u011f\u0131 ablukay\u0131 k\u0131rmak ve insani yard\u0131mlar\u0131 ula\u015ft\u0131rmay\u0131 hedefleyen K\u00fcresel Sumud Filosuna destek i\u00e7in \u2018Vicdan\u2019 gemisiyle \u0130talya\u2019da yola \u00e7\u0131kan Denizli Milletvekili Sema Silkin \u00dcn, &#8220;Herkese Allah Raz\u0131 Olsun. Gazze nefes alana, Filistin \u00f6zg\u00fcr olana kadar meydanlar\u0131 doldurmaya meydanlara ak\u0131n etmeye devam edelim&#8221; dedi.<\/p>\n<p>\u0130srail\u2019in Gazze\u2019ye uygulad\u0131\u011f\u0131 ablukay\u0131 k\u0131rmak ve insani yard\u0131mlar\u0131 ula\u015ft\u0131rmak i\u00e7in yola \u00e7\u0131kan K\u00fcresel Sumud Filosuna Tunus\u2019tan kat\u0131lamayan Denizli Milletvekili Sema Silkin \u00dcn\u2019\u00fcn, \u0130talya\u2019dan Otranto Liman\u0131ndan Akdeniz\u2019e a\u00e7\u0131lan &#8220;Vicdan&#8221; gemisindeki yolculu\u011fu devam ediyor.<\/p>\n<p>\u00d6zg\u00fcrl\u00fck filosunda yer alan Vicdan gemisinden seslenen Milletvekili \u00dcn, &#8220;Bug\u00fcn g\u00f6z\u00fcm\u00fcz kula\u011f\u0131m\u0131z T\u00fcrkiye\u2019de. Ba\u015fta \u0130stanbul ve Ankara olmak \u00fczere b\u00fct\u00fcn \u015fehirlerimizde meydanlar\u0131 dolduran milyonlar vard\u0131. Gemide b\u00fct\u00fcn vatanda\u015flar\u0131m\u0131z ile gururla mitingleri izledik. Evet o meydanlar\u0131 dolduranlar, Gazze i\u00e7in oradayd\u0131. O meydanlar\u0131 dolduranlar, Gazze\u2019nin yaln\u0131z olmad\u0131\u011f\u0131 Filistin\u2019in asla yaln\u0131z b\u0131rakmayacaklar\u0131n\u0131 aktard\u0131lar. Herkese Allah Raz\u0131 Olsun. Gazze nefes alana, Filistin \u00f6zg\u00fcr olana kadar meydanlar\u0131 doldurmaya meydanlara ak\u0131n etmeye devam edelim. Sesimiz y\u00fckselsin ad\u0131mlar\u0131m\u0131z g\u00fc\u00e7lensin&#8221; diye konu\u015ftu.<\/p>\n<p>&#8220;Gazze\u2019deki medya ve sa\u011fl\u0131k ablukas\u0131n\u0131 k\u0131r\u0131lmas\u0131 gerekiyor&#8221;<br \/>\n<br \/>\u0130srail taraf\u0131ndan \u015fehit edilen gazetecilerin isimlerinin yer ald\u0131\u011f\u0131 a\u011fa\u00e7 resmini g\u00f6steren \u00dcn, &#8220;Arkamda \u00e7izili yap\u0131l\u0131 bir a\u011fa\u00e7 g\u00f6r\u00fcyorsunuz. Bu yaz\u0131 fikirleriyle \u00e7a\u011f\u0131m\u0131z\u0131 ayd\u0131nlatan, Aliya Izzetbegovi\u00e7\u2019e ait \u2018Onlar bizi g\u00f6mmeye \u00e7al\u0131\u015ft\u0131lar ama tohum oldu\u011fumu bilmiyorlard\u0131\u2019 s\u00f6z\u00fc haf\u0131zalar\u0131m\u0131za kaz\u0131nd\u0131. Vicdan gemimizin bir misyonu var. \u0130\u00e7erisinde medya ve sa\u011fl\u0131k ekipleri bulunuyor. Gazze\u2019deki medya ve sa\u011fl\u0131k ablukas\u0131n\u0131 k\u0131rmak i\u00e7in yer al\u0131yor. Arkam\u0131zdaki a\u011fa\u00e7ta ise \u0130srail taraf\u0131ndan \u015fehit edilen gazeteciler var. Sa\u011f tarafta ise doktorlar\u0131n ismi var. A\u011fa\u00e7ta yer alanlar g\u00f6revlerini yaparken \u015fehit edilen vatanda\u015flar\u0131m\u0131z yer al\u0131yor. Allah bizi huzurumuzu kabul edecek mi? Hepimiz yapmam\u0131z gerekeni yap\u0131yor muyuz? Hepimiz Gazze ve Filistin i\u00e7in \u00e7abalamal\u0131y\u0131z&#8221; ifadelerini kulland\u0131.<br \/><\/p>\n","protected":false},"excerpt":{"rendered":"<p>\u0130srail\u2019in Gazze\u2019ye uygulad\u0131\u011f\u0131 ablukay\u0131 k\u0131rmak ve insani yard\u0131mlar\u0131 ula\u015ft\u0131rmay\u0131 hedefleyen K\u00fcresel Sumud Filosuna destek i\u00e7in \u2018Vicdan\u2019 gemisiyle \u0130talya\u2019da yola \u00e7\u0131kan Denizli Milletvekili Sema Silkin \u00dcn, &#8220;Herkese Allah Raz\u0131 Olsun. Gazze nefes alana, Filistin \u00f6zg\u00fcr olana kadar meydanlar\u0131 doldurmaya meydanlara ak\u0131n etmeye devam edelim&#8221; dedi. \u0130srail\u2019in Gazze\u2019ye uygulad\u0131\u011f\u0131 ablukay\u0131 k\u0131rmak ve insani yard\u0131mlar\u0131 ula\u015ft\u0131rmak i\u00e7in yola&#8230;<\/p>\n","protected":false},"author":1,"featured_media":59694,"comment_status":"open","ping_status":"open","sticky":false,"template":"","format":"standard","meta":{"_crdt_document":"","footnotes":""},"categories":[127],"tags":[],"class_list":["post-59693","post","type-post","status-publish","format-standard","has-post-thumbnail","hentry","category-siyaset"],"_links":{"self":[{"href":"https:\/\/www.egemtv.com\/index.php?rest_route=\/wp\/v2\/posts\/59693","targetHints":{"allow":["GET"]}}],"collection":[{"href":"https:\/\/www.egemtv.com\/index.php?rest_route=\/wp\/v2\/posts"}],"about":[{"href":"https:\/\/www.egemtv.com\/index.php?rest_route=\/wp\/v2\/types\/post"}],"author":[{"embeddable":true,"href":"https:\/\/www.egemtv.com\/index.php?rest_route=\/wp\/v2\/users\/1"}],"replies":[{"embeddable":true,"href":"https:\/\/www.egemtv.com\/index.php?rest_route=%2Fwp%2Fv2%2Fcomments&post=59693"}],"version-history":[{"count":1,"href":"https:\/\/www.egemtv.com\/index.php?rest_route=\/wp\/v2\/posts\/59693\/revisions"}],"predecessor-version":[{"id":59695,"href":"https:\/\/www.egemtv.com\/index.php?rest_route=\/wp\/v2\/posts\/59693\/revisions\/59695"}],"wp:featuredmedia":[{"embeddable":true,"href":"https:\/\/www.egemtv.com\/index.php?rest_route=\/wp\/v2\/media\/59694"}],"wp:attachment":[{"href":"https:\/\/www.egemtv.com\/index.php?rest_route=%2Fwp%2Fv2%2Fmedia&parent=59693"}],"wp:term":[{"taxonomy":"category","embeddable":true,"href":"https:\/\/www.egemtv.com\/index.php?rest_route=%2Fwp%2Fv2%2Fcategories&post=59693"},{"taxonomy":"post_tag","embeddable":true,"href":"https:\/\/www.egemtv.com\/index.php?rest_route=%2Fwp%2Fv2%2Ftags&post=59693"}],"curies":[{"name":"wp","href":"https:\/\/api.w.org\/{rel}","templated":true}]}}