{"id":59690,"date":"2025-10-06T15:55:42","date_gmt":"2025-10-06T12:55:42","guid":{"rendered":"https:\/\/www.egemtv.com\/?p=59690"},"modified":"2025-10-06T15:55:43","modified_gmt":"2025-10-06T12:55:43","slug":"salihlide-galatasaray-taraftarlarindan-egitime-anlamli-destek","status":"publish","type":"post","link":"https:\/\/www.egemtv.com\/?p=59690","title":{"rendered":"Salihli\u2019de Galatasaray taraftarlar\u0131ndan e\u011fitime anlaml\u0131 destek"},"content":{"rendered":"<p>Manisa\u2019n\u0131n Salihli il\u00e7esindeki Galatasaray Taraftarlar\u0131 Derne\u011fi, \u00f6\u011frencilere burs verme gelene\u011fini bu y\u0131l da s\u00fcrd\u00fcrd\u00fc.<br \/>\n<br \/>Ba\u015fkan U\u011fur \u00d6z\u00e7elik \u00f6nc\u00fcl\u00fc\u011f\u00fcnde anlaml\u0131 etkinliklere imza atan dernek y\u00f6netimi, ald\u0131\u011f\u0131 karar do\u011frultusunda bu y\u0131l 7\u2019si \u00fcniversite \u00f6\u011frencisi olmak \u00fczere toplam 15 \u00f6\u011frenciye burs vermeye ba\u015flad\u0131.<br \/>\n<br \/>Dernek Ba\u015fkan\u0131 \u00d6z\u00e7elik, e\u011fitime destek olmay\u0131 s\u00fcrd\u00fcreceklerini belirterek \u015funlar\u0131 s\u00f6yledi: &#8220;Galatasaray\u2019\u0131n 24\u2019\u00fcnc\u00fc \u015fampiyonlu\u011funda 12 \u00f6\u011frencimize burs vermeye ba\u015flam\u0131\u015ft\u0131k. 25\u2019inci \u015fampiyonlukta bu say\u0131y\u0131 art\u0131rmay\u0131 hedeflemi\u015ftik. Ge\u00e7ti\u011fimiz y\u0131l 12 \u00f6\u011frenciye burs verirken, bu y\u0131l bu say\u0131y\u0131 15\u2019e \u00e7\u0131kard\u0131k&#8221;<br \/>\n<br \/>\u00d6z\u00e7elik, burs \u00e7al\u0131\u015fmalar\u0131na katk\u0131 sa\u011flayan t\u00fcm Galatasarayl\u0131lara te\u015fekk\u00fcr etti.<br \/><\/p>\n","protected":false},"excerpt":{"rendered":"<p>Manisa\u2019n\u0131n Salihli il\u00e7esindeki Galatasaray Taraftarlar\u0131 Derne\u011fi, \u00f6\u011frencilere burs verme gelene\u011fini bu y\u0131l da s\u00fcrd\u00fcrd\u00fc. Ba\u015fkan U\u011fur \u00d6z\u00e7elik \u00f6nc\u00fcl\u00fc\u011f\u00fcnde anlaml\u0131 etkinliklere imza atan dernek y\u00f6netimi, ald\u0131\u011f\u0131 karar do\u011frultusunda bu y\u0131l 7\u2019si \u00fcniversite \u00f6\u011frencisi olmak \u00fczere toplam 15 \u00f6\u011frenciye burs vermeye ba\u015flad\u0131. Dernek Ba\u015fkan\u0131 \u00d6z\u00e7elik, e\u011fitime destek olmay\u0131 s\u00fcrd\u00fcreceklerini belirterek \u015funlar\u0131 s\u00f6yledi: &#8220;Galatasaray\u2019\u0131n 24\u2019\u00fcnc\u00fc \u015fampiyonlu\u011funda 12 \u00f6\u011frencimize&#8230;<\/p>\n","protected":false},"author":1,"featured_media":59691,"comment_status":"open","ping_status":"open","sticky":false,"template":"","format":"standard","meta":{"_crdt_document":"","footnotes":""},"categories":[4],"tags":[],"class_list":["post-59690","post","type-post","status-publish","format-standard","has-post-thumbnail","hentry","category-spor"],"_links":{"self":[{"href":"https:\/\/www.egemtv.com\/index.php?rest_route=\/wp\/v2\/posts\/59690","targetHints":{"allow":["GET"]}}],"collection":[{"href":"https:\/\/www.egemtv.com\/index.php?rest_route=\/wp\/v2\/posts"}],"about":[{"href":"https:\/\/www.egemtv.com\/index.php?rest_route=\/wp\/v2\/types\/post"}],"author":[{"embeddable":true,"href":"https:\/\/www.egemtv.com\/index.php?rest_route=\/wp\/v2\/users\/1"}],"replies":[{"embeddable":true,"href":"https:\/\/www.egemtv.com\/index.php?rest_route=%2Fwp%2Fv2%2Fcomments&post=59690"}],"version-history":[{"count":1,"href":"https:\/\/www.egemtv.com\/index.php?rest_route=\/wp\/v2\/posts\/59690\/revisions"}],"predecessor-version":[{"id":59692,"href":"https:\/\/www.egemtv.com\/index.php?rest_route=\/wp\/v2\/posts\/59690\/revisions\/59692"}],"wp:featuredmedia":[{"embeddable":true,"href":"https:\/\/www.egemtv.com\/index.php?rest_route=\/wp\/v2\/media\/59691"}],"wp:attachment":[{"href":"https:\/\/www.egemtv.com\/index.php?rest_route=%2Fwp%2Fv2%2Fmedia&parent=59690"}],"wp:term":[{"taxonomy":"category","embeddable":true,"href":"https:\/\/www.egemtv.com\/index.php?rest_route=%2Fwp%2Fv2%2Fcategories&post=59690"},{"taxonomy":"post_tag","embeddable":true,"href":"https:\/\/www.egemtv.com\/index.php?rest_route=%2Fwp%2Fv2%2Ftags&post=59690"}],"curies":[{"name":"wp","href":"https:\/\/api.w.org\/{rel}","templated":true}]}}