{"id":59687,"date":"2025-10-06T15:34:38","date_gmt":"2025-10-06T12:34:38","guid":{"rendered":"https:\/\/www.egemtv.com\/?p=59687"},"modified":"2025-10-06T15:34:39","modified_gmt":"2025-10-06T12:34:39","slug":"aydinda-cember-operasyonu-32-yakalama","status":"publish","type":"post","link":"https:\/\/www.egemtv.com\/?p=59687","title":{"rendered":"Ayd\u0131n\u2019da \u00c7ember operasyonu: 32 yakalama"},"content":{"rendered":"<p>Ayd\u0131n\u2019da jandarma ekiplerince ger\u00e7ekle\u015ftirilen \u00c7ember operasyonunda 32 aranan \u015fah\u0131s yakaland\u0131.<\/p>\n<p>Ayd\u0131n \u0130l Jandarma Komutanl\u0131\u011f\u0131 JASAT Timleri ve \u0130l\u00e7e Jandarma Komutanl\u0131klar\u0131 taraf\u0131ndan, aranan \u015fah\u0131slara y\u00f6nelik e\u015f zamanl\u0131 olarak 86 unsur ve 264 personelin kat\u0131l\u0131m\u0131yla \u00c7ember operasyonu ger\u00e7ekle\u015ftirildi. \u0130ki g\u00fcn boyunca yap\u0131lan operasyonlarda \u00e7e\u015fitli su\u00e7lardan aranan 32 \u015fah\u0131s yakaland\u0131. Yakalanan \u015fah\u0131slardan 6\u2019s\u0131 0-2 y\u0131la kadar hapis cezas\u0131 , 1\u2019i ise 2-5 y\u0131la kadar hapis cezas\u0131 ile aranmakta oldu\u011fu tespit edildi. Ayr\u0131ca yakalanan \u015fah\u0131slar\u0131n 3\u2019\u00fcn\u00fcn \u2018Borcunu \u00d6deme \u015eart\u0131n\u0131 \u0130hlal\u2019 su\u00e7undan, 1\u2019inin \u2018Yaralama\u2019 su\u00e7undan, 1\u2019inin \u2018Doland\u0131r\u0131c\u0131l\u0131k\u2019 su\u00e7undan, 2\u2019sinin di\u011fer su\u00e7lardan ve 12\u2019sinin ifadeye y\u00f6nelik arand\u0131\u011f\u0131 tespit edildi. Yakalanarak g\u00f6zalt\u0131na al\u0131nan \u015fah\u0131slar hakk\u0131nda adli i\u015flemler ba\u015flat\u0131ld\u0131.<br \/><\/p>\n","protected":false},"excerpt":{"rendered":"<p>Ayd\u0131n\u2019da jandarma ekiplerince ger\u00e7ekle\u015ftirilen \u00c7ember operasyonunda 32 aranan \u015fah\u0131s yakaland\u0131. Ayd\u0131n \u0130l Jandarma Komutanl\u0131\u011f\u0131 JASAT Timleri ve \u0130l\u00e7e Jandarma Komutanl\u0131klar\u0131 taraf\u0131ndan, aranan \u015fah\u0131slara y\u00f6nelik e\u015f zamanl\u0131 olarak 86 unsur ve 264 personelin kat\u0131l\u0131m\u0131yla \u00c7ember operasyonu ger\u00e7ekle\u015ftirildi. \u0130ki g\u00fcn boyunca yap\u0131lan operasyonlarda \u00e7e\u015fitli su\u00e7lardan aranan 32 \u015fah\u0131s yakaland\u0131. Yakalanan \u015fah\u0131slardan 6\u2019s\u0131 0-2 y\u0131la kadar hapis cezas\u0131&#8230;<\/p>\n","protected":false},"author":1,"featured_media":59688,"comment_status":"open","ping_status":"open","sticky":false,"template":"","format":"standard","meta":{"_crdt_document":"","footnotes":""},"categories":[5],"tags":[],"class_list":["post-59687","post","type-post","status-publish","format-standard","has-post-thumbnail","hentry","category-asayis"],"_links":{"self":[{"href":"https:\/\/www.egemtv.com\/index.php?rest_route=\/wp\/v2\/posts\/59687","targetHints":{"allow":["GET"]}}],"collection":[{"href":"https:\/\/www.egemtv.com\/index.php?rest_route=\/wp\/v2\/posts"}],"about":[{"href":"https:\/\/www.egemtv.com\/index.php?rest_route=\/wp\/v2\/types\/post"}],"author":[{"embeddable":true,"href":"https:\/\/www.egemtv.com\/index.php?rest_route=\/wp\/v2\/users\/1"}],"replies":[{"embeddable":true,"href":"https:\/\/www.egemtv.com\/index.php?rest_route=%2Fwp%2Fv2%2Fcomments&post=59687"}],"version-history":[{"count":1,"href":"https:\/\/www.egemtv.com\/index.php?rest_route=\/wp\/v2\/posts\/59687\/revisions"}],"predecessor-version":[{"id":59689,"href":"https:\/\/www.egemtv.com\/index.php?rest_route=\/wp\/v2\/posts\/59687\/revisions\/59689"}],"wp:featuredmedia":[{"embeddable":true,"href":"https:\/\/www.egemtv.com\/index.php?rest_route=\/wp\/v2\/media\/59688"}],"wp:attachment":[{"href":"https:\/\/www.egemtv.com\/index.php?rest_route=%2Fwp%2Fv2%2Fmedia&parent=59687"}],"wp:term":[{"taxonomy":"category","embeddable":true,"href":"https:\/\/www.egemtv.com\/index.php?rest_route=%2Fwp%2Fv2%2Fcategories&post=59687"},{"taxonomy":"post_tag","embeddable":true,"href":"https:\/\/www.egemtv.com\/index.php?rest_route=%2Fwp%2Fv2%2Ftags&post=59687"}],"curies":[{"name":"wp","href":"https:\/\/api.w.org\/{rel}","templated":true}]}}