{"id":59681,"date":"2025-10-06T15:15:04","date_gmt":"2025-10-06T12:15:04","guid":{"rendered":"https:\/\/www.egemtv.com\/?p=59681"},"modified":"2025-10-06T15:15:06","modified_gmt":"2025-10-06T12:15:06","slug":"aydina-kuvvetli-yagis-uyarisi-3","status":"publish","type":"post","link":"https:\/\/www.egemtv.com\/?p=59681","title":{"rendered":"Ayd\u0131n\u2019a kuvvetli ya\u011f\u0131\u015f uyar\u0131s\u0131"},"content":{"rendered":"<p>Ayd\u0131n\u2019da gece saatlerinde ba\u015flayacak olan ve k\u0131y\u0131 \u015feridinde kuvvetli olmas\u0131 beklenen sa\u011fanak ya\u011f\u0131\u015flara kar\u015f\u0131 vatanda\u015flar uyar\u0131ld\u0131.<br \/>\n<br \/>Meteoroloji\u2019den yap\u0131lan a\u00e7\u0131klamada, &#8220;Yap\u0131lan son de\u011ferlendirmelere g\u00f6re, Ayd\u0131n il genelinde kuvvetli (21-50 kg\/m2) beklenen sa\u011fanak ve g\u00f6k g\u00fcr\u00fclt\u00fcl\u00fc sa\u011fanak ya\u011f\u0131\u015flar\u0131n bat\u0131s\u0131nda (Ku\u015fadas\u0131, S\u00f6ke, Didim ve Germencik) \u00e7ok kuvvetli (51-75 kg\/m2) olaca\u011f\u0131 tahmin ediliyor. Vatanda\u015flar\u0131n sel, su bask\u0131n\u0131, dolu, y\u0131ld\u0131r\u0131m, ya\u011f\u0131\u015f an\u0131nda kuvvetli r\u00fczgar, k\u0131y\u0131 kesimlerde hortum, yerel k\u00fc\u00e7\u00fck \u00e7apl\u0131 dolu, ula\u015f\u0131mda aksamalar gibi olumsuzluklara kar\u015f\u0131 dikkatli ve tedbirli olunmal\u0131d\u0131r&#8221; denildi.<br \/><\/p>\n","protected":false},"excerpt":{"rendered":"<p>Ayd\u0131n\u2019da gece saatlerinde ba\u015flayacak olan ve k\u0131y\u0131 \u015feridinde kuvvetli olmas\u0131 beklenen sa\u011fanak ya\u011f\u0131\u015flara kar\u015f\u0131 vatanda\u015flar uyar\u0131ld\u0131. Meteoroloji\u2019den yap\u0131lan a\u00e7\u0131klamada, &#8220;Yap\u0131lan son de\u011ferlendirmelere g\u00f6re, Ayd\u0131n il genelinde kuvvetli (21-50 kg\/m2) beklenen sa\u011fanak ve g\u00f6k g\u00fcr\u00fclt\u00fcl\u00fc sa\u011fanak ya\u011f\u0131\u015flar\u0131n bat\u0131s\u0131nda (Ku\u015fadas\u0131, S\u00f6ke, Didim ve Germencik) \u00e7ok kuvvetli (51-75 kg\/m2) olaca\u011f\u0131 tahmin ediliyor. Vatanda\u015flar\u0131n sel, su bask\u0131n\u0131, dolu, y\u0131ld\u0131r\u0131m,&#8230;<\/p>\n","protected":false},"author":1,"featured_media":59682,"comment_status":"open","ping_status":"open","sticky":false,"template":"","format":"standard","meta":{"_crdt_document":"","footnotes":""},"categories":[1],"tags":[],"class_list":["post-59681","post","type-post","status-publish","format-standard","has-post-thumbnail","hentry","category-guncel"],"_links":{"self":[{"href":"https:\/\/www.egemtv.com\/index.php?rest_route=\/wp\/v2\/posts\/59681","targetHints":{"allow":["GET"]}}],"collection":[{"href":"https:\/\/www.egemtv.com\/index.php?rest_route=\/wp\/v2\/posts"}],"about":[{"href":"https:\/\/www.egemtv.com\/index.php?rest_route=\/wp\/v2\/types\/post"}],"author":[{"embeddable":true,"href":"https:\/\/www.egemtv.com\/index.php?rest_route=\/wp\/v2\/users\/1"}],"replies":[{"embeddable":true,"href":"https:\/\/www.egemtv.com\/index.php?rest_route=%2Fwp%2Fv2%2Fcomments&post=59681"}],"version-history":[{"count":1,"href":"https:\/\/www.egemtv.com\/index.php?rest_route=\/wp\/v2\/posts\/59681\/revisions"}],"predecessor-version":[{"id":59683,"href":"https:\/\/www.egemtv.com\/index.php?rest_route=\/wp\/v2\/posts\/59681\/revisions\/59683"}],"wp:featuredmedia":[{"embeddable":true,"href":"https:\/\/www.egemtv.com\/index.php?rest_route=\/wp\/v2\/media\/59682"}],"wp:attachment":[{"href":"https:\/\/www.egemtv.com\/index.php?rest_route=%2Fwp%2Fv2%2Fmedia&parent=59681"}],"wp:term":[{"taxonomy":"category","embeddable":true,"href":"https:\/\/www.egemtv.com\/index.php?rest_route=%2Fwp%2Fv2%2Fcategories&post=59681"},{"taxonomy":"post_tag","embeddable":true,"href":"https:\/\/www.egemtv.com\/index.php?rest_route=%2Fwp%2Fv2%2Ftags&post=59681"}],"curies":[{"name":"wp","href":"https:\/\/api.w.org\/{rel}","templated":true}]}}