{"id":59678,"date":"2025-10-06T15:15:03","date_gmt":"2025-10-06T12:15:03","guid":{"rendered":"https:\/\/www.egemtv.com\/?p=59678"},"modified":"2025-10-06T15:15:04","modified_gmt":"2025-10-06T12:15:04","slug":"grev-bitti-bucanin-cop-cilesi-bitmedi","status":"publish","type":"post","link":"https:\/\/www.egemtv.com\/?p=59678","title":{"rendered":"Grev bitti, Buca\u2019n\u0131n \u00e7\u00f6p \u00e7ilesi bitmedi"},"content":{"rendered":"<p>\u0130zmir Buca\u2019da belediye i\u015f\u00e7ilerinin grevi sona erdi ancak \u00e7\u00f6p y\u0131\u011f\u0131nlar\u0131 yerinden k\u0131p\u0131rdamad\u0131. G\u00fcnlerdir toplanmayan \u00e7\u00f6pler k\u00f6t\u00fc kokuya, trafi\u011fe ve vatanda\u015flar\u0131n tepkisine neden oldu. Seyhan Mahallesi Ayd\u0131n Hatboyu Caddesi \u00e7\u00f6plerle kapland\u0131, yollar adeta \u00e7\u00f6p da\u011flar\u0131na d\u00f6nd\u00fc. Vatanda\u015flar hastal\u0131k riski ve k\u00f6t\u00fc koku nedeniyle belediyeye isyan etti.<br \/>\n<br \/>\u0130zmir\u2019in Buca il\u00e7esinde belediye i\u015f\u00e7ilerinin grevi sona ermesine ra\u011fmen, il\u00e7ede biriken \u00e7\u00f6p y\u0131\u011f\u0131nlar\u0131 vatanda\u015flar\u0131 isyan ettirdi.  Toplanmayan \u00e7\u00f6pler \u00f6zellikle sanayi b\u00f6lgesi olarak bilinen Seyhan Mahallesi Ayd\u0131n Hatboyu Caddesi\u2019nde yola ta\u015farken, hem k\u00f6t\u00fc koku hem de trafik s\u0131k\u0131\u015f\u0131kl\u0131\u011f\u0131 b\u00fcy\u00fck tepkiye neden oldu. B\u00f6lgede esnaf ve vatanda\u015flar, \u00e7\u00f6p sorununun bir an \u00f6nce \u00e7\u00f6z\u00fclmesini isteyerek duruma tepki g\u00f6sterdi. \u00c7\u00f6plerin yollara kadar ta\u015fmas\u0131 nedeniyle ara\u00e7lar\u0131n ge\u00e7i\u015fte zorluk ya\u015fad\u0131\u011f\u0131 belirtilirken, baz\u0131 vatanda\u015flar hem \u00e7evre sa\u011fl\u0131\u011f\u0131n\u0131n hem de i\u015f g\u00fcvenli\u011finin tehlikede oldu\u011funu s\u00f6yledi.<\/p>\n<p>&#8220;Milleti kand\u0131r\u0131yorlar&#8221;<br \/>\n<br \/>Vatanda\u015flardan Yusuf Alt\u0131nta\u015f, belediyeye tepki g\u00f6stererek, &#8220;Milleti kand\u0131r\u0131yorlar. Ondan sonra oy ald\u0131 m\u0131 o gel keyfim gel. Bundan sonra oy yok onlara. Ya g\u00f6zleri yok mu? G\u00f6rm\u00fcyorlar m\u0131? Sadece ceplerini mi d\u00fc\u015f\u00fcn\u00fcyorlar? Milleti d\u00fc\u015f\u00fcn. Millet onlar\u0131 oraya g\u00f6nderiyor. \u0130nsan i\u015fi de\u011fil bu. Hastal\u0131k yay\u0131yor \u00e7evreye&#8221; dedi.<\/p>\n<p>&#8220;Aylard\u0131r ayn\u0131 rezillik&#8221;<br \/>\n<br \/>Bir di\u011fer vatanda\u015f Kamran \u00c7elik ise, ya\u015fanan durumun yeni olmad\u0131\u011f\u0131n\u0131 belirterek, &#8220;Bu rezillik, kepazelik. Bu bir kereye mahsus bir durum de\u011fil, aylard\u0131r b\u00f6yle. Defalarca yang\u0131n \u00e7\u0131kt\u0131, itfaiye gelmesine ra\u011fmen tonlarca su gitti buraya. Barajlarda su kalmad\u0131 diyorlar, e su buna gidiyor. \u015eurada bir esnaf\u0131m\u0131z\u0131n tabelas\u0131 yand\u0131, ara\u00e7lar\u0131 zor kurtard\u0131k yang\u0131ndan. Bu rezilli\u011fe bir \u00e7\u00f6z\u00fcm bulunmas\u0131 \u00e7ok iyi olur. B\u00fct\u00fcn esnaflar \u015fikayet\u00e7i&#8221; ifadelerini kulland\u0131.<\/p>\n<p>&#8220;\u0130ki araba ge\u00e7emiyor&#8221;<br \/>\n<br \/>Muhammet \u0130lgen adl\u0131 vatanda\u015f ise \u00e7\u00f6p y\u0131\u011f\u0131nlar\u0131n\u0131n trafi\u011fi de fel\u00e7 etti\u011fini s\u00f6yleyerek, &#8220;\u0130ki araba ge\u00e7emiyor. Bu \u00e7\u00f6plerden y\u00fcz\u00fcyor abi. Bir belediye bu \u00e7\u00f6pleri nas\u0131l toplamaz? Bu \u00e7\u00f6plerin vergisini alm\u0131yor mu? Nas\u0131l bir belediyecilik bu ya? Bu \u00e7ileyi her g\u00fcn \u00e7ekiyoruz&#8221; diye konu\u015ftu.<br \/><\/p>\n","protected":false},"excerpt":{"rendered":"<p>\u0130zmir Buca\u2019da belediye i\u015f\u00e7ilerinin grevi sona erdi ancak \u00e7\u00f6p y\u0131\u011f\u0131nlar\u0131 yerinden k\u0131p\u0131rdamad\u0131. G\u00fcnlerdir toplanmayan \u00e7\u00f6pler k\u00f6t\u00fc kokuya, trafi\u011fe ve vatanda\u015flar\u0131n tepkisine neden oldu. Seyhan Mahallesi Ayd\u0131n Hatboyu Caddesi \u00e7\u00f6plerle kapland\u0131, yollar adeta \u00e7\u00f6p da\u011flar\u0131na d\u00f6nd\u00fc. Vatanda\u015flar hastal\u0131k riski ve k\u00f6t\u00fc koku nedeniyle belediyeye isyan etti. \u0130zmir\u2019in Buca il\u00e7esinde belediye i\u015f\u00e7ilerinin grevi sona ermesine ra\u011fmen, il\u00e7ede&#8230;<\/p>\n","protected":false},"author":1,"featured_media":59679,"comment_status":"open","ping_status":"open","sticky":false,"template":"","format":"standard","meta":{"_crdt_document":"","footnotes":""},"categories":[1],"tags":[],"class_list":["post-59678","post","type-post","status-publish","format-standard","has-post-thumbnail","hentry","category-guncel"],"_links":{"self":[{"href":"https:\/\/www.egemtv.com\/index.php?rest_route=\/wp\/v2\/posts\/59678","targetHints":{"allow":["GET"]}}],"collection":[{"href":"https:\/\/www.egemtv.com\/index.php?rest_route=\/wp\/v2\/posts"}],"about":[{"href":"https:\/\/www.egemtv.com\/index.php?rest_route=\/wp\/v2\/types\/post"}],"author":[{"embeddable":true,"href":"https:\/\/www.egemtv.com\/index.php?rest_route=\/wp\/v2\/users\/1"}],"replies":[{"embeddable":true,"href":"https:\/\/www.egemtv.com\/index.php?rest_route=%2Fwp%2Fv2%2Fcomments&post=59678"}],"version-history":[{"count":1,"href":"https:\/\/www.egemtv.com\/index.php?rest_route=\/wp\/v2\/posts\/59678\/revisions"}],"predecessor-version":[{"id":59680,"href":"https:\/\/www.egemtv.com\/index.php?rest_route=\/wp\/v2\/posts\/59678\/revisions\/59680"}],"wp:featuredmedia":[{"embeddable":true,"href":"https:\/\/www.egemtv.com\/index.php?rest_route=\/wp\/v2\/media\/59679"}],"wp:attachment":[{"href":"https:\/\/www.egemtv.com\/index.php?rest_route=%2Fwp%2Fv2%2Fmedia&parent=59678"}],"wp:term":[{"taxonomy":"category","embeddable":true,"href":"https:\/\/www.egemtv.com\/index.php?rest_route=%2Fwp%2Fv2%2Fcategories&post=59678"},{"taxonomy":"post_tag","embeddable":true,"href":"https:\/\/www.egemtv.com\/index.php?rest_route=%2Fwp%2Fv2%2Ftags&post=59678"}],"curies":[{"name":"wp","href":"https:\/\/api.w.org\/{rel}","templated":true}]}}