{"id":59675,"date":"2025-10-06T15:15:00","date_gmt":"2025-10-06T12:15:00","guid":{"rendered":"https:\/\/www.egemtv.com\/?p=59675"},"modified":"2025-10-06T15:15:02","modified_gmt":"2025-10-06T12:15:02","slug":"mugla-buyuksehirden-bagciliga-modern-dokunus","status":"publish","type":"post","link":"https:\/\/www.egemtv.com\/?p=59675","title":{"rendered":"Mu\u011fla B\u00fcy\u00fck\u015fehir\u2019den ba\u011fc\u0131l\u0131\u011fa modern dokunu\u015f"},"content":{"rendered":"<p>Mu\u011fla B\u00fcy\u00fck\u015fehir Belediyesi ile Ye\u015fil\u00fcz\u00fcml\u00fc Tar\u0131msal Kalk\u0131nma Kooperatifi aras\u0131nda imzalanan protokol kapsam\u0131nda ilk deneme \u00fcretimi ger\u00e7ekle\u015ftirildi. Hasat edilen \u00fcz\u00fcmler, \u015farap \u00fcretim tesisinde i\u015flenecek.<br \/>\n<br \/>Protokol kapsam\u0131nda Fethiye Kara\u00e7ulha Meyve ve Sebze Toptanc\u0131 Halinde bulunan tesis, Kooperatifin kullan\u0131m\u0131na sunuldu. Y\u0131lda 45 bin \u015fi\u015fe kapasiteyle \u00fcretim yapacak olan tesis, ayn\u0131 zamanda saatte en az 3 ton \u00fcz\u00fcm i\u015fleme kapasitesine sahip olacak. B\u00f6ylece butik \u00fcretim yapan kooperatif ortaklar\u0131, modern tesis imk\u00e2n\u0131yla daha kaliteli ve markal\u0131 \u00fcr\u00fcnler ortaya koyacak.<br \/>\n<br \/>Koleksiyon ba\u011f\u0131 ile geleneksel ba\u011fc\u0131l\u0131\u011f\u0131n korunmas\u0131<br \/>\n<br \/>Mu\u011fla B\u00fcy\u00fck\u015fehir Belediyesi, protokol\u00fcn yan\u0131 s\u0131ra Fethiye Ye\u015fil\u00fcz\u00fcml\u00fc Mahallesinde ba\u011fc\u0131l\u0131\u011f\u0131n geli\u015ftirilmesi i\u00e7in de \u00f6nemli bir ad\u0131m att\u0131. M\u00fclkiyeti B\u00fcy\u00fck\u015fehir\u2019e ait 17 bin metrekarelik arazi \u00fczerine kurulan Koleksiyon Ba\u011f\u0131 Projesi kapsam\u0131nda 36 \u00e7e\u015fit ve 2 bin 650 k\u00f6k \u00fcz\u00fcm \u00e7e\u015fidi yeti\u015ftirilmeye ba\u015fland\u0131. Proje ile hem yerel hem de end\u00fcstriyel \u00fcz\u00fcm \u00e7e\u015fitleri korunacak, b\u00f6lgeye \u00f6zg\u00fc ba\u011fc\u0131l\u0131k k\u00fclt\u00fcr\u00fc gelece\u011fe ta\u015f\u0131nacak. Toplam maliyeti 10 milyon 612 bin 40 TL olan proje ile Ye\u015fil\u00fcz\u00fcml\u00fc\u2019de geleneksel ba\u011fc\u0131l\u0131k modern \u00fcretimle bulu\u015ftu.<br \/>\n<br \/>Turizm ve ekonomi i\u00e7in katma de\u011fer<br \/>\n<br \/>Ye\u015fil\u00fcz\u00fcml\u00fc\u2019de hayata ge\u00e7irilen bu yat\u0131r\u0131mla birlikte b\u00f6lge, yaln\u0131zca tar\u0131msal \u00fcretimde de\u011fil turizmde de \u00f6ne \u00e7\u0131kacak. Modern tesis sayesinde \u00fcretilecek \u015faraplar\u0131n markala\u015fmas\u0131, Ye\u015fil\u00fcz\u00fcml\u00fc\u2019y\u00fc ziyaret eden turistlere yeni bir deneyim sunarken, b\u00f6lge ekonomisine de katma de\u011fer sa\u011flayacak.<br \/>\n<br \/>&#8220;Ye\u015fil\u00fcz\u00fcml\u00fc\u2019n\u00fcn ba\u011fc\u0131l\u0131k gelene\u011fi gelece\u011fe ta\u015f\u0131n\u0131yor&#8221;<br \/>\n<br \/>Mu\u011fla B\u00fcy\u00fck\u015fehir Belediyesi Tar\u0131msal Hizmetler Dairesinde g\u00f6revli Ziraat M\u00fchendisi Faz\u0131l Kavuko\u011flu, koleksiyon ba\u011f\u0131 hakk\u0131nda bilgi vererek, &#8220;17 bin metrekarelik alanda 36 \u00e7e\u015fit ve 2 bin 650 k\u00f6k \u00fcz\u00fcmle kurdu\u011fumuz koleksiyon ba\u011f\u0131, Ye\u015fil\u00fcz\u00fcml\u00fc\u2019n\u00fcn ba\u011fc\u0131l\u0131k gelene\u011fini koruyarak gelece\u011fe ta\u015f\u0131yacak. Mu\u011fla B\u00fcy\u00fck\u015fehir Belediye Ba\u015fkan\u0131m\u0131z Say\u0131n Ahmet Aras\u2019\u0131n \u00f6nc\u00fcl\u00fc\u011f\u00fcnde tar\u0131msal \u00fcretimde kalitenin art\u0131r\u0131larak katma de\u011feri y\u00fcksek \u00fcr\u00fcnler elde etmek kooperatiflerin desteklenmesi ve markala\u015fma \u00e7al\u0131\u015fmalar\u0131na devam edece\u011fiz&#8221; dedi.<br \/>\n<br \/>Ar\u0131can: &#8220;B\u00fcy\u00fck\u015fehir\u2019in deste\u011fiyle markala\u015fma yolunda ilk ad\u0131m&#8221;<br \/>\n<br \/>Ye\u015fil\u00fcz\u00fcml\u00fc Tar\u0131msal Kalk\u0131nma Kooperatifi Ba\u015fkan\u0131 Ercan Ar\u0131can, ilk deneme \u00fcretimiyle ilgili \u015f\u00f6yle konu\u015ftu:<br \/>\n<br \/>&#8220;\u015earap \u00fcretim tesisimizi faaliyete ge\u00e7irmi\u015f bulunuyoruz. S\u00fcrecin en ba\u015f\u0131ndan beri destek veren Mu\u011fla B\u00fcy\u00fck\u015fehir Belediye Ba\u015fkan\u0131m\u0131z Say\u0131n Ahmet Aras\u2019a te\u015fekk\u00fcr ederim. Buras\u0131 \u00fcreticilerimiz i\u00e7in yeni bir kazan\u00e7 kap\u0131s\u0131 oldu. Bug\u00fcn 4 ton \u00fcz\u00fcmle deneme \u00fcretimi ger\u00e7ekle\u015ftiriyoruz. B\u00fcy\u00fck\u015fehir Belediyemiz bize markala\u015fma konusunda da destek veriyor&#8221;<br \/>\n<br \/>Ba\u015fkan Aras: &#8220;Yerel \u00fcreticiyle el ele, daha g\u00fc\u00e7l\u00fc bir gelecek&#8221;<br \/>\n<br \/>K\u0131y\u0131 Ege Belediyeler Birli\u011fi ve Mu\u011fla B\u00fcy\u00fck\u015fehir Belediye Ba\u015fkan\u0131 Ahmet Aras, proje ile hem \u00fcreticiyi hem de b\u00f6lgeyi g\u00fc\u00e7lendirmeyi hedeflediklerini belirterek \u015funlar\u0131 s\u00f6yledi:<br \/>\n<br \/>&#8220;Mu\u011fla\u2019n\u0131n bereketli topraklar\u0131nda \u00fcretilen her \u00fcr\u00fcn, bizim i\u00e7in sadece ekonomik de\u011fil k\u00fclt\u00fcrel bir de\u011ferdir. Ye\u015fil\u00fcz\u00fcml\u00fc\u2019de imzalad\u0131\u011f\u0131m\u0131z bu protokol ile geleneksel ba\u011fc\u0131l\u0131k bilgeli\u011fini modern tesislerle bulu\u015fturuyoruz. Kooperatiflerimizle birlikte kaliteyi, markala\u015fmay\u0131 ve s\u00fcrd\u00fcr\u00fclebilir \u00fcretimi \u00f6n plana \u00e7\u0131kararak hem \u00fcreticimize hem de turizme katk\u0131 sa\u011fl\u0131yoruz&#8221;<br \/><\/p>\n","protected":false},"excerpt":{"rendered":"<p>Mu\u011fla B\u00fcy\u00fck\u015fehir Belediyesi ile Ye\u015fil\u00fcz\u00fcml\u00fc Tar\u0131msal Kalk\u0131nma Kooperatifi aras\u0131nda imzalanan protokol kapsam\u0131nda ilk deneme \u00fcretimi ger\u00e7ekle\u015ftirildi. Hasat edilen \u00fcz\u00fcmler, \u015farap \u00fcretim tesisinde i\u015flenecek. Protokol kapsam\u0131nda Fethiye Kara\u00e7ulha Meyve ve Sebze Toptanc\u0131 Halinde bulunan tesis, Kooperatifin kullan\u0131m\u0131na sunuldu. Y\u0131lda 45 bin \u015fi\u015fe kapasiteyle \u00fcretim yapacak olan tesis, ayn\u0131 zamanda saatte en az 3 ton \u00fcz\u00fcm i\u015fleme&#8230;<\/p>\n","protected":false},"author":1,"featured_media":59676,"comment_status":"open","ping_status":"open","sticky":false,"template":"","format":"standard","meta":{"_crdt_document":"","footnotes":""},"categories":[125],"tags":[],"class_list":["post-59675","post","type-post","status-publish","format-standard","has-post-thumbnail","hentry","category-ekonomi"],"_links":{"self":[{"href":"https:\/\/www.egemtv.com\/index.php?rest_route=\/wp\/v2\/posts\/59675","targetHints":{"allow":["GET"]}}],"collection":[{"href":"https:\/\/www.egemtv.com\/index.php?rest_route=\/wp\/v2\/posts"}],"about":[{"href":"https:\/\/www.egemtv.com\/index.php?rest_route=\/wp\/v2\/types\/post"}],"author":[{"embeddable":true,"href":"https:\/\/www.egemtv.com\/index.php?rest_route=\/wp\/v2\/users\/1"}],"replies":[{"embeddable":true,"href":"https:\/\/www.egemtv.com\/index.php?rest_route=%2Fwp%2Fv2%2Fcomments&post=59675"}],"version-history":[{"count":1,"href":"https:\/\/www.egemtv.com\/index.php?rest_route=\/wp\/v2\/posts\/59675\/revisions"}],"predecessor-version":[{"id":59677,"href":"https:\/\/www.egemtv.com\/index.php?rest_route=\/wp\/v2\/posts\/59675\/revisions\/59677"}],"wp:featuredmedia":[{"embeddable":true,"href":"https:\/\/www.egemtv.com\/index.php?rest_route=\/wp\/v2\/media\/59676"}],"wp:attachment":[{"href":"https:\/\/www.egemtv.com\/index.php?rest_route=%2Fwp%2Fv2%2Fmedia&parent=59675"}],"wp:term":[{"taxonomy":"category","embeddable":true,"href":"https:\/\/www.egemtv.com\/index.php?rest_route=%2Fwp%2Fv2%2Fcategories&post=59675"},{"taxonomy":"post_tag","embeddable":true,"href":"https:\/\/www.egemtv.com\/index.php?rest_route=%2Fwp%2Fv2%2Ftags&post=59675"}],"curies":[{"name":"wp","href":"https:\/\/api.w.org\/{rel}","templated":true}]}}