{"id":59672,"date":"2025-10-06T15:14:59","date_gmt":"2025-10-06T12:14:59","guid":{"rendered":"https:\/\/www.egemtv.com\/?p=59672"},"modified":"2025-10-06T15:15:00","modified_gmt":"2025-10-06T12:15:00","slug":"silahli-saldirida-olen-mermer-ustasinin-son-paylasimi-uzdu","status":"publish","type":"post","link":"https:\/\/www.egemtv.com\/?p=59672","title":{"rendered":"Silahl\u0131 sald\u0131r\u0131da \u00f6len mermer ustas\u0131n\u0131n son payla\u015f\u0131m\u0131 \u00fczd\u00fc"},"content":{"rendered":"<p>Denizli\u2019de i\u00e7inde bulunduklar\u0131 otomobilin \u00f6n\u00fc kesilerek d\u00fczenlenen silahl\u0131 sald\u0131r\u0131da hayat\u0131n\u0131 kaybeden mermer ustas\u0131n\u0131n, saatler \u00f6nce yapt\u0131\u011f\u0131 &#8220;R\u0131zk\u0131n da \u00f6mr\u00fcn de yaz\u0131l\u0131d\u0131r, tela\u015f etme&#8221; \u015feklindeki sosyal medya payla\u015f\u0131m\u0131 sevenlerini \u00fczd\u00fc.<\/p>\n<p>Denizli\u2019nin Merkezefendi il\u00e7esi Yeni\u015fafak Mahallesi\u2019nde meydana gelen olayda; plakas\u0131z kamyonetle bir s\u00fcre takip yapan E.\u015e., m\u00fcteahhit Zeki \u00d6nel (39), karde\u015fi Tahir \u00d6nel (38) ve i\u015flerini yapan mermer ustas\u0131 Kadir Kaya\u2019n\u0131n (32) bulundu\u011fu arac\u0131n \u00f6n\u00fcn\u00fc kesti. E.\u015e.\u2019nin rastgele t\u00fcfekle ate\u015f a\u00e7mas\u0131 sonucu Kadir Kaya olay yerinde hayat\u0131n\u0131 kaybetti. \u0130\u015fadamlar\u0131 Zeki \u00d6nel ve karde\u015fi Tahir \u00d6nel ise yaraland\u0131. Olay yerinden yaya olarak ka\u00e7an \u015f\u00fcpheli E.\u015e., sakland\u0131\u011f\u0131 prefabrik evde yakalan\u0131rken, olayda yaralanan karde\u015fler ise ambulansla Denizli Devlet Hastanesine kald\u0131r\u0131larak tedavi alt\u0131na al\u0131nd\u0131.<\/p>\n<p>Kadir Kaya\u2019n\u0131n \u00f6lmeden \u00f6nceki son payla\u015f\u0131m\u0131 dikkat \u00e7ekti<br \/>\n<br \/>Olay yerinden ka\u00e7maya \u00e7al\u0131\u015f\u0131rken s\u0131rt\u0131na isabet eden sa\u00e7malar neticesinde hayat\u0131n\u0131 kaybeden Kadir Kaya\u2019n\u0131n sald\u0131r\u0131dan saatler \u00f6nce sosyal medya hesab\u0131ndan yapt\u0131\u011f\u0131 payla\u015f\u0131m dikkat \u00e7ekti. Kaya\u2019n\u0131n payla\u015f\u0131m\u0131nda K\u00fcrt\u00e7e bir a\u011f\u0131t m\u00fczi\u011finin \u00fczerine &#8220;R\u0131zk\u0131n da \u00f6mr\u00fcn de yaz\u0131l\u0131d\u0131r, tela\u015f etme&#8221; notu yer ald\u0131\u011f\u0131 g\u00f6r\u00fcld\u00fc. Kaya\u2019n\u0131n duygusal payla\u015f\u0131m\u0131, sevenlerini \u00fczd\u00fc.<br \/><\/p>\n","protected":false},"excerpt":{"rendered":"<p>Denizli\u2019de i\u00e7inde bulunduklar\u0131 otomobilin \u00f6n\u00fc kesilerek d\u00fczenlenen silahl\u0131 sald\u0131r\u0131da hayat\u0131n\u0131 kaybeden mermer ustas\u0131n\u0131n, saatler \u00f6nce yapt\u0131\u011f\u0131 &#8220;R\u0131zk\u0131n da \u00f6mr\u00fcn de yaz\u0131l\u0131d\u0131r, tela\u015f etme&#8221; \u015feklindeki sosyal medya payla\u015f\u0131m\u0131 sevenlerini \u00fczd\u00fc. Denizli\u2019nin Merkezefendi il\u00e7esi Yeni\u015fafak Mahallesi\u2019nde meydana gelen olayda; plakas\u0131z kamyonetle bir s\u00fcre takip yapan E.\u015e., m\u00fcteahhit Zeki \u00d6nel (39), karde\u015fi Tahir \u00d6nel (38) ve i\u015flerini yapan&#8230;<\/p>\n","protected":false},"author":1,"featured_media":59673,"comment_status":"open","ping_status":"open","sticky":false,"template":"","format":"standard","meta":{"_crdt_document":"","footnotes":""},"categories":[5],"tags":[],"class_list":["post-59672","post","type-post","status-publish","format-standard","has-post-thumbnail","hentry","category-asayis"],"_links":{"self":[{"href":"https:\/\/www.egemtv.com\/index.php?rest_route=\/wp\/v2\/posts\/59672","targetHints":{"allow":["GET"]}}],"collection":[{"href":"https:\/\/www.egemtv.com\/index.php?rest_route=\/wp\/v2\/posts"}],"about":[{"href":"https:\/\/www.egemtv.com\/index.php?rest_route=\/wp\/v2\/types\/post"}],"author":[{"embeddable":true,"href":"https:\/\/www.egemtv.com\/index.php?rest_route=\/wp\/v2\/users\/1"}],"replies":[{"embeddable":true,"href":"https:\/\/www.egemtv.com\/index.php?rest_route=%2Fwp%2Fv2%2Fcomments&post=59672"}],"version-history":[{"count":1,"href":"https:\/\/www.egemtv.com\/index.php?rest_route=\/wp\/v2\/posts\/59672\/revisions"}],"predecessor-version":[{"id":59674,"href":"https:\/\/www.egemtv.com\/index.php?rest_route=\/wp\/v2\/posts\/59672\/revisions\/59674"}],"wp:featuredmedia":[{"embeddable":true,"href":"https:\/\/www.egemtv.com\/index.php?rest_route=\/wp\/v2\/media\/59673"}],"wp:attachment":[{"href":"https:\/\/www.egemtv.com\/index.php?rest_route=%2Fwp%2Fv2%2Fmedia&parent=59672"}],"wp:term":[{"taxonomy":"category","embeddable":true,"href":"https:\/\/www.egemtv.com\/index.php?rest_route=%2Fwp%2Fv2%2Fcategories&post=59672"},{"taxonomy":"post_tag","embeddable":true,"href":"https:\/\/www.egemtv.com\/index.php?rest_route=%2Fwp%2Fv2%2Ftags&post=59672"}],"curies":[{"name":"wp","href":"https:\/\/api.w.org\/{rel}","templated":true}]}}