{"id":59666,"date":"2025-10-06T15:14:58","date_gmt":"2025-10-06T12:14:58","guid":{"rendered":"https:\/\/www.egemtv.com\/?p=59666"},"modified":"2025-10-06T15:14:58","modified_gmt":"2025-10-06T12:14:58","slug":"turk-kizilay-manisa-il-baskani-gursele-tesekkur-belgesi","status":"publish","type":"post","link":"https:\/\/www.egemtv.com\/?p=59666","title":{"rendered":"T\u00fcrk K\u0131z\u0131lay Manisa \u0130l Ba\u015fkan\u0131 G\u00fcrsel\u2019e te\u015fekk\u00fcr belgesi"},"content":{"rendered":"<p>T\u00fcrkiye genelinde ya\u015fanan afet ve acil durumlar kar\u015f\u0131s\u0131nda g\u00f6sterdi\u011fi \u00f6zverili \u00e7al\u0131\u015fmalardan dolay\u0131 T\u00fcrk K\u0131z\u0131lay Manisa \u0130l Merkezi Ba\u015fkan\u0131 \u00d6ner G\u00fcrsel\u2019e te\u015fekk\u00fcr belgesi takdim edildi.<br \/>\n<br \/>T\u00fcrk K\u0131z\u0131lay Manisa \u0130l Merkezi Ba\u015fkan\u0131 \u00d6ner G\u00fcrsel, 2025 y\u0131l\u0131nda T\u00fcrkiye genelinde meydana gelen afet ve acil durumlarda g\u00f6sterdi\u011fi \u00f6zverili \u00e7al\u0131\u015fmalar ve \u00fcst\u00fcn gayretlerinden dolay\u0131 T\u00fcrk K\u0131z\u0131lay Genel Merkezi taraf\u0131ndan te\u015fekk\u00fcr belgesiyle \u00f6d\u00fcllendirildi. \u0130stanbul\u2019da d\u00fczenlenen t\u00f6rende \u00d6ner G\u00fcrsel\u2019e te\u015fekk\u00fcr belgesini, T\u00fcrk K\u0131z\u0131lay Genel Ba\u015fkan\u0131 Prof. Dr. Fatma Meri\u00e7 Y\u0131lmaz taraf\u0131ndan verildi.<br \/>\n<br \/>T\u00fcrk K\u0131z\u0131lay Manisa \u0130l Merkezi Ba\u015fkan\u0131 \u00d6ner G\u00fcrsel, yapt\u0131\u011f\u0131 a\u00e7\u0131klamada, bu \u00f6d\u00fcl\u00fcn yaln\u0131zca kendisine de\u011fil, Manisa\u2019daki t\u00fcm \u0130l\u00e7e \u015eubeleri, K\u0131z\u0131lay personeli ve g\u00f6n\u00fcll\u00fclerine ait oldu\u011funu s\u00f6yledi. G\u00fcrsel, &#8220;T\u00fcrk K\u0131z\u0131lay Genel Ba\u015fkan\u0131m\u0131z Prof. Dr. Fatma Meri\u00e7 Y\u0131lmaz\u2019a bu anlaml\u0131 belge i\u00e7in te\u015fekk\u00fcr ediyorum. Manisa\u2019daki t\u00fcm \u0130l\u00e7e \u015eubelerimiz, K\u0131z\u0131lay personellerimiz ve g\u00f6n\u00fcll\u00fclerimize de \u00fcst\u00fcn gayretleri i\u00e7in minnettar\u0131m. Bizler her zaman sahada, milletimizin yan\u0131nda olmaya devam edece\u011fiz&#8221; dedi.<br \/><\/p>\n","protected":false},"excerpt":{"rendered":"<p>T\u00fcrkiye genelinde ya\u015fanan afet ve acil durumlar kar\u015f\u0131s\u0131nda g\u00f6sterdi\u011fi \u00f6zverili \u00e7al\u0131\u015fmalardan dolay\u0131 T\u00fcrk K\u0131z\u0131lay Manisa \u0130l Merkezi Ba\u015fkan\u0131 \u00d6ner G\u00fcrsel\u2019e te\u015fekk\u00fcr belgesi takdim edildi. T\u00fcrk K\u0131z\u0131lay Manisa \u0130l Merkezi Ba\u015fkan\u0131 \u00d6ner G\u00fcrsel, 2025 y\u0131l\u0131nda T\u00fcrkiye genelinde meydana gelen afet ve acil durumlarda g\u00f6sterdi\u011fi \u00f6zverili \u00e7al\u0131\u015fmalar ve \u00fcst\u00fcn gayretlerinden dolay\u0131 T\u00fcrk K\u0131z\u0131lay Genel Merkezi taraf\u0131ndan te\u015fekk\u00fcr&#8230;<\/p>\n","protected":false},"author":1,"featured_media":59667,"comment_status":"open","ping_status":"open","sticky":false,"template":"","format":"standard","meta":{"_crdt_document":"","footnotes":""},"categories":[1],"tags":[],"class_list":["post-59666","post","type-post","status-publish","format-standard","has-post-thumbnail","hentry","category-guncel"],"_links":{"self":[{"href":"https:\/\/www.egemtv.com\/index.php?rest_route=\/wp\/v2\/posts\/59666","targetHints":{"allow":["GET"]}}],"collection":[{"href":"https:\/\/www.egemtv.com\/index.php?rest_route=\/wp\/v2\/posts"}],"about":[{"href":"https:\/\/www.egemtv.com\/index.php?rest_route=\/wp\/v2\/types\/post"}],"author":[{"embeddable":true,"href":"https:\/\/www.egemtv.com\/index.php?rest_route=\/wp\/v2\/users\/1"}],"replies":[{"embeddable":true,"href":"https:\/\/www.egemtv.com\/index.php?rest_route=%2Fwp%2Fv2%2Fcomments&post=59666"}],"version-history":[{"count":1,"href":"https:\/\/www.egemtv.com\/index.php?rest_route=\/wp\/v2\/posts\/59666\/revisions"}],"predecessor-version":[{"id":59668,"href":"https:\/\/www.egemtv.com\/index.php?rest_route=\/wp\/v2\/posts\/59666\/revisions\/59668"}],"wp:featuredmedia":[{"embeddable":true,"href":"https:\/\/www.egemtv.com\/index.php?rest_route=\/wp\/v2\/media\/59667"}],"wp:attachment":[{"href":"https:\/\/www.egemtv.com\/index.php?rest_route=%2Fwp%2Fv2%2Fmedia&parent=59666"}],"wp:term":[{"taxonomy":"category","embeddable":true,"href":"https:\/\/www.egemtv.com\/index.php?rest_route=%2Fwp%2Fv2%2Fcategories&post=59666"},{"taxonomy":"post_tag","embeddable":true,"href":"https:\/\/www.egemtv.com\/index.php?rest_route=%2Fwp%2Fv2%2Ftags&post=59666"}],"curies":[{"name":"wp","href":"https:\/\/api.w.org\/{rel}","templated":true}]}}