{"id":59663,"date":"2025-10-06T14:54:46","date_gmt":"2025-10-06T11:54:46","guid":{"rendered":"https:\/\/www.egemtv.com\/?p=59663"},"modified":"2025-10-06T14:54:47","modified_gmt":"2025-10-06T11:54:47","slug":"usak-icin-kuvvetli-saganak-yagis-uyarisi","status":"publish","type":"post","link":"https:\/\/www.egemtv.com\/?p=59663","title":{"rendered":"U\u015fak i\u00e7in kuvvetli sa\u011fanak ya\u011f\u0131\u015f uyar\u0131s\u0131"},"content":{"rendered":"<p>U\u015fak Valili\u011fi, Meteoroloji Genel M\u00fcd\u00fcrl\u00fc\u011f\u00fc verilerine g\u00f6re 7 Ekim Sal\u0131 g\u00fcn\u00fc sabah saatlerinden itibaren ba\u015flayacak kuvvetli sa\u011fanak ya\u011f\u0131\u015flara kar\u015f\u0131 vatanda\u015flar\u0131 dikkatli ve tedbirli olmalar\u0131 y\u00f6n\u00fcnde uyard\u0131.<\/p>\n<p>U\u015fak Valili\u011fince sosyal medya hesaplar\u0131ndan yap\u0131lan a\u00e7\u0131klamada, Afyonkarahisar, Denizli ve U\u015fak \u00e7evrelerinde etkili olmas\u0131 beklenen sa\u011fanak ve g\u00f6k g\u00fcr\u00fclt\u00fcl\u00fc sa\u011fanak ya\u011f\u0131\u015flara dikkat \u00e7ekildi. A\u00e7\u0131klamada, &#8220;Yap\u0131lan son de\u011ferlendirmelere g\u00f6re 7 Ekim Sal\u0131 g\u00fcn\u00fc sabah saatlerinden itibaren b\u00f6lgemizde (Afyonkarahisar, Denizli ve U\u015fak) sa\u011fanak ve g\u00f6k g\u00fcr\u00fclt\u00fcl\u00fc sa\u011fanak ya\u011f\u0131\u015flar beklenmektedir. \u00d6\u011fle saatlerinden itibaren Denizli ve U\u015fak\u2019ta, ak\u015fam saatlerinden sonra ise Afyonkarahisar \u00e7evrelerinde ya\u011f\u0131\u015flar\u0131n yer yer kuvvetli olaca\u011f\u0131 tahmin edilmektedir&#8221; denildi.<\/p>\n<p>A\u00e7\u0131klaman\u0131n devam\u0131nda, kuvvetli sa\u011fanak ya\u011f\u0131\u015flarla birlikte ani sel, su bask\u0131n\u0131, ya\u011f\u0131\u015f an\u0131nda kuvvetli r\u00fczgar ve ula\u015f\u0131mda aksamalar gibi olumsuzluklar\u0131n ya\u015fanabilece\u011fi vurgulanarak, vatanda\u015flar\u0131n bu t\u00fcr durumlara kar\u015f\u0131 dikkatli ve tedbirli olmalar\u0131 gerekti\u011fi belirtildi.<br \/>\n<br \/>Meteorolojik uyar\u0131n\u0131n 7 Ekim 2025 Sal\u0131 g\u00fcn\u00fc saat 10.00\u2019da ba\u015flay\u0131p, ayn\u0131 g\u00fcn saat 22.00\u2019ye kadar etkili olmas\u0131n\u0131n beklendi\u011fi aktar\u0131ld\u0131.<br \/><\/p>\n","protected":false},"excerpt":{"rendered":"<p>U\u015fak Valili\u011fi, Meteoroloji Genel M\u00fcd\u00fcrl\u00fc\u011f\u00fc verilerine g\u00f6re 7 Ekim Sal\u0131 g\u00fcn\u00fc sabah saatlerinden itibaren ba\u015flayacak kuvvetli sa\u011fanak ya\u011f\u0131\u015flara kar\u015f\u0131 vatanda\u015flar\u0131 dikkatli ve tedbirli olmalar\u0131 y\u00f6n\u00fcnde uyard\u0131. U\u015fak Valili\u011fince sosyal medya hesaplar\u0131ndan yap\u0131lan a\u00e7\u0131klamada, Afyonkarahisar, Denizli ve U\u015fak \u00e7evrelerinde etkili olmas\u0131 beklenen sa\u011fanak ve g\u00f6k g\u00fcr\u00fclt\u00fcl\u00fc sa\u011fanak ya\u011f\u0131\u015flara dikkat \u00e7ekildi. A\u00e7\u0131klamada, &#8220;Yap\u0131lan son de\u011ferlendirmelere g\u00f6re 7&#8230;<\/p>\n","protected":false},"author":1,"featured_media":59664,"comment_status":"open","ping_status":"open","sticky":false,"template":"","format":"standard","meta":{"_crdt_document":"","footnotes":""},"categories":[1],"tags":[],"class_list":["post-59663","post","type-post","status-publish","format-standard","has-post-thumbnail","hentry","category-guncel"],"_links":{"self":[{"href":"https:\/\/www.egemtv.com\/index.php?rest_route=\/wp\/v2\/posts\/59663","targetHints":{"allow":["GET"]}}],"collection":[{"href":"https:\/\/www.egemtv.com\/index.php?rest_route=\/wp\/v2\/posts"}],"about":[{"href":"https:\/\/www.egemtv.com\/index.php?rest_route=\/wp\/v2\/types\/post"}],"author":[{"embeddable":true,"href":"https:\/\/www.egemtv.com\/index.php?rest_route=\/wp\/v2\/users\/1"}],"replies":[{"embeddable":true,"href":"https:\/\/www.egemtv.com\/index.php?rest_route=%2Fwp%2Fv2%2Fcomments&post=59663"}],"version-history":[{"count":1,"href":"https:\/\/www.egemtv.com\/index.php?rest_route=\/wp\/v2\/posts\/59663\/revisions"}],"predecessor-version":[{"id":59665,"href":"https:\/\/www.egemtv.com\/index.php?rest_route=\/wp\/v2\/posts\/59663\/revisions\/59665"}],"wp:featuredmedia":[{"embeddable":true,"href":"https:\/\/www.egemtv.com\/index.php?rest_route=\/wp\/v2\/media\/59664"}],"wp:attachment":[{"href":"https:\/\/www.egemtv.com\/index.php?rest_route=%2Fwp%2Fv2%2Fmedia&parent=59663"}],"wp:term":[{"taxonomy":"category","embeddable":true,"href":"https:\/\/www.egemtv.com\/index.php?rest_route=%2Fwp%2Fv2%2Fcategories&post=59663"},{"taxonomy":"post_tag","embeddable":true,"href":"https:\/\/www.egemtv.com\/index.php?rest_route=%2Fwp%2Fv2%2Ftags&post=59663"}],"curies":[{"name":"wp","href":"https:\/\/api.w.org\/{rel}","templated":true}]}}