{"id":59660,"date":"2025-10-06T14:54:45","date_gmt":"2025-10-06T11:54:45","guid":{"rendered":"https:\/\/www.egemtv.com\/?p=59660"},"modified":"2025-10-06T14:54:46","modified_gmt":"2025-10-06T11:54:46","slug":"amator-spor-haftasi-basliyor","status":"publish","type":"post","link":"https:\/\/www.egemtv.com\/?p=59660","title":{"rendered":"Amat\u00f6r Spor Haftas\u0131 ba\u015fl\u0131yor"},"content":{"rendered":"<p>Amat\u00f6r sporlara ilginin art\u0131r\u0131lmas\u0131 ve her ya\u015ftan bireyin spora te\u015fvik edilmesi hedefiyle her sene kutlanan Amat\u00f6r Spor Haftas\u0131, bu y\u0131l 6-11 Ekim 2025 tarihleri aras\u0131nda kutlanacak.<\/p>\n<p>Gen\u00e7lik ve Spor Bakanl\u0131\u011f\u0131 taraf\u0131ndan &#8220;Gen\u00e7li\u011fin Enerjisi Sporun Birle\u015ftirici G\u00fcc\u00fcyle Bulu\u015fuyor&#8221; slogan\u0131yla kutlanacak Amat\u00f6r Spor Haftas\u0131 ba\u015fl\u0131yor. T\u00fcrkiye genelinde oldu\u011fu gibi Denizli\u2019de de 6-11 Ekim tarihleri aras\u0131nda kutlanacak hafta boyunca Amat\u00f6r sporlar\u0131n yayg\u0131nla\u015ft\u0131r\u0131lmas\u0131 ve bu alanda fark\u0131ndal\u0131\u011f\u0131n art\u0131r\u0131lmas\u0131 i\u00e7in hafta boyunca d\u00fczenlenecek olan organizasyonlar, spora g\u00f6n\u00fcl verenleri bir araya getirerek, amat\u00f6r spora olan ilgiyi peki\u015ftirmeyi ama\u00e7l\u0131yor. Amat\u00f6r sporlara dikkat \u00e7ekmek i\u00e7in 08 Ekim \u00c7ar\u015famba g\u00fcn\u00fc saat 17.30\u2019da Valilik \u00f6n\u00fcnden ba\u015flayarak 15 Temmuz \u015eehitler Delikli\u00e7\u0131nar Meydan\u0131\u2019na kadar kortej y\u00fcr\u00fcy\u00fc\u015f\u00fc d\u00fczenlenecek. Bando e\u015fli\u011finde ger\u00e7ekle\u015fecek y\u00fcr\u00fcy\u00fc\u015fe protokol \u00fcyeleri, amat\u00f6r sporcular ve her ya\u015ftan vatanda\u015f kat\u0131labilecek. Y\u00fcr\u00fcy\u00fc\u015f\u00fcn ard\u0131ndan, meydanda kurulan alanda bran\u015f tan\u0131t\u0131mlar\u0131 ve sporcu gruplar\u0131n\u0131n g\u00f6sterileri ger\u00e7ekle\u015fecek.<\/p>\n<p>Hafta boyunca turnuvalar yap\u0131lacak<br \/>\n<br \/>Amat\u00f6r Spor Haftas\u0131 kapsam\u0131nda hafta boyunca bir\u00e7ok spor bran\u015f\u0131nda turnuvalar d\u00fczenlenecek. Satran\u00e7, Ok\u00e7uluk, Masa Tenisi, Oryantiring, Voleybol, 3&#215;3 Basketbol, Ayak Tenisi, Hemsball gibi farkl\u0131 spor dallar\u0131nda etkinlikler olacak. \u0130l\u00e7elerde Gen\u00e7lik Spor \u0130l\u00e7e M\u00fcd\u00fcrl\u00fckleri arac\u0131l\u0131\u011f\u0131yla haftan\u0131n \u00f6nemine ili\u015fkin faaliyetler yap\u0131lacak.<\/p>\n<p>Sporu her ya\u015f grubuna yaymay\u0131 hedeflediklerini belirterek amat\u00f6r sporlar\u0131n bu alanda en \u00f6nemli g\u00fc\u00e7 oldu\u011funun alt\u0131n\u0131 \u00e7izen Denizli Gen\u00e7lik ve Spor \u0130l M\u00fcd\u00fcr\u00fc S\u00fcleyman Erdo\u011fan, &#8220;Amat\u00f6r sporlar, sporun kalbidir. Bu alandaki emek ve \u00f6zveri; gen\u00e7lerimizin geli\u015fiminde, disiplin kazanmalar\u0131nda ve sa\u011fl\u0131kl\u0131 bireyler olarak yeti\u015fmelerinde b\u00fcy\u00fck rol oynuyor. Biz de bu ruhu desteklemek i\u00e7in t\u00fcm imk\u00e2nlar\u0131m\u0131z\u0131 seferber etmeye devam ediyoruz&#8221; dedi.<br \/><\/p>\n","protected":false},"excerpt":{"rendered":"<p>Amat\u00f6r sporlara ilginin art\u0131r\u0131lmas\u0131 ve her ya\u015ftan bireyin spora te\u015fvik edilmesi hedefiyle her sene kutlanan Amat\u00f6r Spor Haftas\u0131, bu y\u0131l 6-11 Ekim 2025 tarihleri aras\u0131nda kutlanacak. Gen\u00e7lik ve Spor Bakanl\u0131\u011f\u0131 taraf\u0131ndan &#8220;Gen\u00e7li\u011fin Enerjisi Sporun Birle\u015ftirici G\u00fcc\u00fcyle Bulu\u015fuyor&#8221; slogan\u0131yla kutlanacak Amat\u00f6r Spor Haftas\u0131 ba\u015fl\u0131yor. T\u00fcrkiye genelinde oldu\u011fu gibi Denizli\u2019de de 6-11 Ekim tarihleri aras\u0131nda kutlanacak hafta&#8230;<\/p>\n","protected":false},"author":1,"featured_media":59661,"comment_status":"open","ping_status":"open","sticky":false,"template":"","format":"standard","meta":{"_crdt_document":"","footnotes":""},"categories":[4],"tags":[],"class_list":["post-59660","post","type-post","status-publish","format-standard","has-post-thumbnail","hentry","category-spor"],"_links":{"self":[{"href":"https:\/\/www.egemtv.com\/index.php?rest_route=\/wp\/v2\/posts\/59660","targetHints":{"allow":["GET"]}}],"collection":[{"href":"https:\/\/www.egemtv.com\/index.php?rest_route=\/wp\/v2\/posts"}],"about":[{"href":"https:\/\/www.egemtv.com\/index.php?rest_route=\/wp\/v2\/types\/post"}],"author":[{"embeddable":true,"href":"https:\/\/www.egemtv.com\/index.php?rest_route=\/wp\/v2\/users\/1"}],"replies":[{"embeddable":true,"href":"https:\/\/www.egemtv.com\/index.php?rest_route=%2Fwp%2Fv2%2Fcomments&post=59660"}],"version-history":[{"count":1,"href":"https:\/\/www.egemtv.com\/index.php?rest_route=\/wp\/v2\/posts\/59660\/revisions"}],"predecessor-version":[{"id":59662,"href":"https:\/\/www.egemtv.com\/index.php?rest_route=\/wp\/v2\/posts\/59660\/revisions\/59662"}],"wp:featuredmedia":[{"embeddable":true,"href":"https:\/\/www.egemtv.com\/index.php?rest_route=\/wp\/v2\/media\/59661"}],"wp:attachment":[{"href":"https:\/\/www.egemtv.com\/index.php?rest_route=%2Fwp%2Fv2%2Fmedia&parent=59660"}],"wp:term":[{"taxonomy":"category","embeddable":true,"href":"https:\/\/www.egemtv.com\/index.php?rest_route=%2Fwp%2Fv2%2Fcategories&post=59660"},{"taxonomy":"post_tag","embeddable":true,"href":"https:\/\/www.egemtv.com\/index.php?rest_route=%2Fwp%2Fv2%2Ftags&post=59660"}],"curies":[{"name":"wp","href":"https:\/\/api.w.org\/{rel}","templated":true}]}}