{"id":59657,"date":"2025-10-06T14:54:44","date_gmt":"2025-10-06T11:54:44","guid":{"rendered":"https:\/\/www.egemtv.com\/?p=59657"},"modified":"2025-10-06T14:54:45","modified_gmt":"2025-10-06T11:54:45","slug":"zafer-yollarinda-102-yil-sonra-izleyicisiyle-bulustu","status":"publish","type":"post","link":"https:\/\/www.egemtv.com\/?p=59657","title":{"rendered":"\u2018Zafer Yollar\u0131nda\u2019 102 y\u0131l sonra izleyicisiyle bulu\u015ftu"},"content":{"rendered":"<p>Yunusemre Belediyesi, T\u00fcrk sinema tarihinin en eski yap\u0131mlar\u0131ndan biri olan \u2018Zafer Yollar\u0131nda\u2019 filminin yeniden izleyiciyle bulu\u015fmas\u0131na katk\u0131 sa\u011flad\u0131. MTSO Konferans Salonu\u2019nda g\u00f6sterimi yap\u0131lan film \u00f6ncesi d\u00fczenlenen panelde kurtulu\u015f m\u00fccadelesi ve filmin \u00f6yk\u00fcs\u00fc anlat\u0131ld\u0131.<br \/>\n<br \/>1923 y\u0131l\u0131nda, Fahrettin Altay ve M\u00fcrsel Pa\u015fa komutas\u0131ndaki 5. Kolordu\u2019nun ve Manisa halk\u0131n\u0131n kat\u0131l\u0131m\u0131, Manisa Belediyesi\u2019nin deste\u011fiyle \u00e7ekilen Zafer Yollar\u0131\u2019nda filmi, 66 y\u0131l sonra bilinen tek kopyas\u0131yla yeniden g\u00fcn y\u00fcz\u00fcne \u00e7\u0131kt\u0131. OBASYA Turizm Geli\u015ftirme Kooperatifi Ba\u015fkan\u0131 Mustafa Pala\u2019n\u0131n ar\u015fivinde bulunan film, Yunusemre Belediyesi, Ege Derne\u011fi Manisa Temsilcisi Murat G\u00fcltekin, Manisa Ticaret ve Sanayi Odas\u0131 (MTSO)\u2019n\u0131n katk\u0131lar\u0131yla T\u00fcrkiye Cumhuriyeti\u2019nin 102. y\u0131l\u0131nda MTSO Konferans Salonu\u2019nda izleyiciyle bulu\u015ftu. G\u00f6sterime Yunusemre Belediye Ba\u015fkan\u0131 Semih Balaban, CHP Yunusemre \u0130l\u00e7e Ba\u015fkan\u0131 Yal\u00e7\u0131n Arcak, Yunusemre Kent Konseyi Ba\u015fkan\u0131 Bekta\u015f K\u0131l\u0131n\u00e7, Belediye Ba\u015fkan Yard\u0131mc\u0131lar\u0131, Sivil Toplum \u00d6rg\u00fct\u00fc Temsilcileri, bas\u0131n mensuplar\u0131 ve \u00e7ok say\u0131da vatanda\u015f kat\u0131ld\u0131.<br \/>\n<br \/>G\u00f6sterimin a\u00e7\u0131l\u0131\u015f konu\u015fmas\u0131n\u0131 yapan Yunusemre Belediye Ba\u015fkan\u0131 Semih Balaban bu filmin \u00f6nemine vurgu yaparak, &#8220;102 y\u0131l \u00f6nce \u00e7ekilmi\u015f, T\u00fcrk sinemas\u0131n\u0131n ilk d\u00f6nem eserlerinden biri olan &#8220;Zafer Yollar\u0131nda&#8221; filmini, yeniden Manisa\u2019da izlemek hepimiz i\u00e7in b\u00fcy\u00fck bir gurur. Bu film yaln\u0131zca bir sinema eseri de\u011fil, Cumhuriyetimizin do\u011fu\u015funa giden yolda Manisa\u2019n\u0131n, Manisal\u0131lar\u2019\u0131n, kahraman ordumuzun azmini ve ba\u011f\u0131ms\u0131zl\u0131k tutkusunu yans\u0131tan bir belgedir. Fahrettin Altay ve M\u00fcrsel Pa\u015fa komutas\u0131ndaki 5. Kolordu\u2019nun \u00f6nc\u00fcl\u00fc\u011f\u00fcnde, Manisa halk\u0131n\u0131n y\u00fcrekten deste\u011fiyle ya\u015fanan o direni\u015f, bu topraklar\u0131n her ta\u015f\u0131na, her nefesine i\u015flemi\u015f bir kahramanl\u0131k destan\u0131d\u0131r. Bug\u00fcn 1923 y\u0131l\u0131nda \u00e7ekilmi\u015f bu filmin bilinen tek kopyas\u0131n\u0131n Manisa\u2019da bulunmas\u0131, bu \u015fehrin tarihle, k\u00fclt\u00fcrle, sanatla kurdu\u011fu g\u00fc\u00e7l\u00fc ba\u011f\u0131n da bir g\u00f6stergesidir. Bu miras\u0131 korumak, ya\u015fatmak ve gelecek nesillere aktarmak bizim en \u00f6nemli sorumluluklar\u0131m\u0131zdan biridir. Bu anlaml\u0131 etkinli\u011fin d\u00fczenlenmesinde eme\u011fi ge\u00e7en herkese, \u00f6zellikle bu filmin yeniden g\u00fcn y\u00fcz\u00fcne \u00e7\u0131kmas\u0131n\u0131 sa\u011flayan Mustafa Pala ba\u015fta olmak \u00fczere Ege Derne\u011fi Manisa Temsilcisi Murat G\u00fcltekin, ara\u015ft\u0131rmac\u0131lar ve tarih\u00e7ilerimize te\u015fekk\u00fcr ediyorum&#8221; diye konu\u015ftu.<\/p>\n<p>Filmin \u00f6yk\u00fcs\u00fcn\u00fc ve kurtulu\u015f m\u00fccadelesini anlatt\u0131lar<br \/>\n<br \/>Film g\u00f6sterimi \u00f6ncesinde ger\u00e7ekle\u015ftirilen panelin moderat\u00f6rl\u00fc\u011f\u00fcn\u00fc Mustafa Ba\u015fg\u00fcl\u015fen yaparken; Tarih\u00e7i \u0130smail Arda Odaba\u015f\u0131, OBASYA Turizm Geli\u015ftirme Kooperatifi Ba\u015fkan\u0131 Mustafa Pala ve Ege Derne\u011fi Manisa Temsilcisi Murat G\u00fcltekin, kurtulu\u015f m\u00fccadelesini ve filmi anlatt\u0131.<br \/><\/p>\n","protected":false},"excerpt":{"rendered":"<p>Yunusemre Belediyesi, T\u00fcrk sinema tarihinin en eski yap\u0131mlar\u0131ndan biri olan \u2018Zafer Yollar\u0131nda\u2019 filminin yeniden izleyiciyle bulu\u015fmas\u0131na katk\u0131 sa\u011flad\u0131. MTSO Konferans Salonu\u2019nda g\u00f6sterimi yap\u0131lan film \u00f6ncesi d\u00fczenlenen panelde kurtulu\u015f m\u00fccadelesi ve filmin \u00f6yk\u00fcs\u00fc anlat\u0131ld\u0131. 1923 y\u0131l\u0131nda, Fahrettin Altay ve M\u00fcrsel Pa\u015fa komutas\u0131ndaki 5. Kolordu\u2019nun ve Manisa halk\u0131n\u0131n kat\u0131l\u0131m\u0131, Manisa Belediyesi\u2019nin deste\u011fiyle \u00e7ekilen Zafer Yollar\u0131\u2019nda filmi, 66&#8230;<\/p>\n","protected":false},"author":1,"featured_media":59658,"comment_status":"open","ping_status":"open","sticky":false,"template":"","format":"standard","meta":{"_crdt_document":"","footnotes":""},"categories":[1],"tags":[],"class_list":["post-59657","post","type-post","status-publish","format-standard","has-post-thumbnail","hentry","category-guncel"],"_links":{"self":[{"href":"https:\/\/www.egemtv.com\/index.php?rest_route=\/wp\/v2\/posts\/59657","targetHints":{"allow":["GET"]}}],"collection":[{"href":"https:\/\/www.egemtv.com\/index.php?rest_route=\/wp\/v2\/posts"}],"about":[{"href":"https:\/\/www.egemtv.com\/index.php?rest_route=\/wp\/v2\/types\/post"}],"author":[{"embeddable":true,"href":"https:\/\/www.egemtv.com\/index.php?rest_route=\/wp\/v2\/users\/1"}],"replies":[{"embeddable":true,"href":"https:\/\/www.egemtv.com\/index.php?rest_route=%2Fwp%2Fv2%2Fcomments&post=59657"}],"version-history":[{"count":1,"href":"https:\/\/www.egemtv.com\/index.php?rest_route=\/wp\/v2\/posts\/59657\/revisions"}],"predecessor-version":[{"id":59659,"href":"https:\/\/www.egemtv.com\/index.php?rest_route=\/wp\/v2\/posts\/59657\/revisions\/59659"}],"wp:featuredmedia":[{"embeddable":true,"href":"https:\/\/www.egemtv.com\/index.php?rest_route=\/wp\/v2\/media\/59658"}],"wp:attachment":[{"href":"https:\/\/www.egemtv.com\/index.php?rest_route=%2Fwp%2Fv2%2Fmedia&parent=59657"}],"wp:term":[{"taxonomy":"category","embeddable":true,"href":"https:\/\/www.egemtv.com\/index.php?rest_route=%2Fwp%2Fv2%2Fcategories&post=59657"},{"taxonomy":"post_tag","embeddable":true,"href":"https:\/\/www.egemtv.com\/index.php?rest_route=%2Fwp%2Fv2%2Ftags&post=59657"}],"curies":[{"name":"wp","href":"https:\/\/api.w.org\/{rel}","templated":true}]}}