{"id":59654,"date":"2025-10-06T14:34:45","date_gmt":"2025-10-06T11:34:45","guid":{"rendered":"https:\/\/www.egemtv.com\/?p=59654"},"modified":"2025-10-06T14:34:46","modified_gmt":"2025-10-06T11:34:46","slug":"dto-53-kisilik-heyetle-almanya-anuga-2025-gida-fuarinda","status":"publish","type":"post","link":"https:\/\/www.egemtv.com\/?p=59654","title":{"rendered":"DTO, 53 ki\u015filik heyetle Almanya Anuga 2025 G\u0131da Fuar\u0131nda"},"content":{"rendered":"<p>D\u00fcnya g\u0131da sekt\u00f6r\u00fcn\u00fcn en b\u00fcy\u00fck ve en prestijli bulu\u015fmas\u0131 olarak kabul edilen Anuga G\u0131da ve \u0130\u00e7ecek Fuar\u0131, bu y\u0131l &#8220;S\u00fcrd\u00fcr\u00fclebilir B\u00fcy\u00fcme ve G\u0131da Teknolojilerinde Yenilik&#8221; temas\u0131yla binlerce profesyoneli Almanya\u2019da bir araya getirdi. Denizli Ticaret Odas\u0131 (DTO), 53 ki\u015filik heyetle Anuga 2025\u2019e kat\u0131larak Denizli\u2019yi temsil etti.<\/p>\n<p>DTO \u00fcyesi i\u015f insanlar\u0131ndan olu\u015fan Denizli fuar heyeti, g\u0131da teknolojilerindeki son yenilikleri, \u00fcretim trendlerini ve uluslararas\u0131 pazar dinamiklerini yerinde inceledi. Heyet, ayn\u0131 zamanda fuar s\u00fcresince Denizli\u2019nin g\u0131da sekt\u00f6r\u00fcndeki potansiyelini de uluslararas\u0131 d\u00fczeyde tan\u0131tt\u0131 ve \u00e7ok say\u0131da i\u015f ba\u011flant\u0131s\u0131 kurdu. Bu y\u0131lki Anuga G\u0131da ve \u0130\u00e7ecek Fuar\u0131\u2019nda, Denizli\u2019den 17 firma, kendi \u00fcr\u00fcn ve markalar\u0131yla yer ald\u0131. Bu firmalar; kuruyemi\u015f, baklava, baharat, tar\u0131m \u00fcr\u00fcnleri ve g\u0131da teknolojileri alanlar\u0131nda Denizlili \u00fcreticilerin \u00fcretim g\u00fcc\u00fcn\u00fc ve yenilik\u00e7i yakla\u015f\u0131m\u0131n\u0131 uluslararas\u0131 platformda sergiledi ve yurt d\u0131\u015f\u0131ndaki g\u00f6r\u00fcn\u00fcm\u00fcn\u00fc g\u00fc\u00e7lendirdi. Yurt d\u0131\u015f\u0131 fuarlara kat\u0131l\u0131mlar\u0131n\u0131n Denizli\u2019nin ihracat potansiyelini g\u00fc\u00e7lendirmede ve firmalar\u0131n uluslararas\u0131 rekabet g\u00fcc\u00fcn\u00fc art\u0131rmada b\u00fcy\u00fck rol oynad\u0131\u011f\u0131n\u0131 vurgulayan Denizli Ticaret Odas\u0131 (DTO) Y\u00f6netim Kurulu Ba\u015fkan\u0131 U\u011fur Erdo\u011fan, &#8220;Fuarlara kat\u0131l\u0131m, \u00fcreticilerimizin d\u00fcnya pazarlar\u0131nda g\u00f6r\u00fcn\u00fcrl\u00fc\u011f\u00fcn\u00fc art\u0131r\u0131yor ve yeni i\u015f ba\u011flant\u0131lar\u0131 yapmalar\u0131n\u0131n kap\u0131s\u0131n\u0131 aral\u0131yor. DTO olarak \u00fcyelerimizin bu t\u00fcr organizasyonlara kat\u0131lmalar\u0131n\u0131 her zaman destekliyoruz. Talep olduk\u00e7a d\u00fcnyan\u0131n d\u00f6rt bir taraf\u0131ndaki en \u00f6nemli organizasyonlara en geni\u015f heyetle gitmeye \u00e7al\u0131\u015f\u0131yoruz. Organizasyonlar\u0131m\u0131z b\u00fcy\u00fck ilgi g\u00f6r\u00fcyor, te\u015fekk\u00fcr ediyoruz&#8221; dedi.<\/p>\n<p>4-8 Ekim 2025 tarihleri aras\u0131nda ger\u00e7ekle\u015ftirilen Anuga 2025\u2019te, bu y\u0131l 312\u2019si milli kat\u0131l\u0131m, 101\u2019i de bireysel kat\u0131l\u0131m olmak \u00fczere toplam 413 T\u00fcrk firmas\u0131n\u0131n stand\u0131 yer ald\u0131. T\u00fcrkiye, fuar\u0131n en geni\u015f kat\u0131l\u0131m g\u00f6steren \u00fclkelerinden biri oldu. Denizlili firmalar da g\u00f6z kama\u015ft\u0131ran modern stantlar\u0131yla dikkat \u00e7ekerek \u00f6n plana \u00e7\u0131kt\u0131.<\/p>\n<p>DTO\u2019dan, fuara kat\u0131lan firmalar\u0131m\u0131za, ba\u015far\u0131 dile\u011fi ile destek geldi<br \/>\n<br \/>Fuardaki stantlar\u0131 ziyaret eden Denizli i\u015f insanlar\u0131 heyetine e\u015flik eden DTO Ba\u015fkan Yard\u0131mc\u0131s\u0131 Hasan Arac\u0131, Denizli\u2019den fuara giderek stant a\u00e7an 17 firman\u0131n, T\u00fcrkiye\u2019nin g\u0131da sekt\u00f6r\u00fcndeki kalitesini ve \u00e7e\u015fitlili\u011fini ba\u015far\u0131yla temsil etti\u011fini s\u00f6yleyerek te\u015fekk\u00fcr etti. Ba\u015fkan Yard\u0131mc\u0131s\u0131 Arac\u0131, &#8220;Denizli\u2019miz, tekstil ve benzeri end\u00fcstri alanlar\u0131nda oldu\u011fu gibi g\u0131da sekt\u00f6r\u00fcnde de b\u00fcy\u00fck bir potansiyele sahip. Anuga 2025, bu potansiyelimizi uluslararas\u0131 pazarlarda sunmak ad\u0131na \u00fcyelerimize \u00f6nemli bir f\u0131rsat sundu. Kat\u0131l\u0131p da stant a\u00e7an firmalar\u0131m\u0131zla gurur duyduk. Denizli markalar\u0131n\u0131n d\u00fcnya pazar\u0131nda daha g\u00fc\u00e7l\u00fc bir yer edinmesi i\u00e7in DTO olarak deste\u011fimizi s\u00fcrd\u00fcrece\u011fiz. Bize bu imkan\u0131 sa\u011flayan Y\u00f6netim Kurulu Ba\u015fkan\u0131m\u0131z U\u011fur Erdo\u011fan ile y\u00f6netimimize ve meclis \u00fcyelerimize te\u015fekk\u00fcr ederiz&#8221; dedi.<\/p>\n<p>DTO Y\u00f6netim Kurulu Ba\u015fkan Yard\u0131mc\u0131s\u0131 Hasan Arac\u0131, DTO Y\u00f6netim Kurulu \u00dcyeleri Ali \u00d6nal ve Hasan Kocabay\u2019\u0131n da yer ald\u0131\u011f\u0131 bir heyet ile, fuar alan\u0131ndaki Denizlili firmalar\u0131 ziyaret ederek ba\u015far\u0131 diledi; fuar ve sekt\u00f6rleri ile ilgili fikirlerini dinledi. DTO\u2019nun Anuga 2025 fuar ziyareti organizasyonu, yaln\u0131zca \u00fcyelerine bir fuar ziyareti imkan\u0131 sa\u011flamad\u0131, ayn\u0131 zamanda Denizli\u2019ye de uluslararas\u0131 i\u015f birli\u011fi, teknoloji payla\u015f\u0131m\u0131 ve pazar geni\u015fletme f\u0131rsat\u0131 sundu. Denizli Ticaret Odas\u0131\u2019n\u0131n \u00f6nc\u00fcl\u00fc\u011f\u00fcnde ger\u00e7ekle\u015ftirilen geni\u015f kat\u0131l\u0131m, \u015fehrin g\u0131da ihracat potansiyelini art\u0131rma y\u00f6n\u00fcnde \u00f6nemli bir ad\u0131m olarak de\u011ferlendiriliyor.<\/p>\n<p>Anuga 2025\u2019te odak, s\u00fcrd\u00fcr\u00fclebilirlik ile alternatif g\u0131dalar oldu<br \/>\n<br \/>Bu y\u0131lki fuarda \u00f6zellikle alternatif protein kaynaklar\u0131, s\u00fcrd\u00fcr\u00fclebilir \u00fcretim modelleri, sa\u011fl\u0131kl\u0131 beslenme trendleri ve yenilik\u00e7i g\u0131da teknolojileri \u00f6ne \u00e7\u0131kt\u0131. Anuga Alternatives olarak adland\u0131r\u0131lan yeni fuar alan\u0131nda, bitki bazl\u0131 ve \u00e7evre dostu \u00fcretim \u00e7\u00f6z\u00fcmleri b\u00fcy\u00fck ilgi g\u00f6rd\u00fc. Denizli heyeti, bu alanlarda yap\u0131lan sunumlar\u0131 ve seminerleri yak\u0131ndan takip ederek, d\u00fcnyadaki sekt\u00f6rel geli\u015fmeleri b\u00f6lgesindeki \u00fcreticilere aktarabilmek ad\u0131na \u00f6nemli bir donan\u0131m edindi.<br \/><\/p>\n","protected":false},"excerpt":{"rendered":"<p>D\u00fcnya g\u0131da sekt\u00f6r\u00fcn\u00fcn en b\u00fcy\u00fck ve en prestijli bulu\u015fmas\u0131 olarak kabul edilen Anuga G\u0131da ve \u0130\u00e7ecek Fuar\u0131, bu y\u0131l &#8220;S\u00fcrd\u00fcr\u00fclebilir B\u00fcy\u00fcme ve G\u0131da Teknolojilerinde Yenilik&#8221; temas\u0131yla binlerce profesyoneli Almanya\u2019da bir araya getirdi. Denizli Ticaret Odas\u0131 (DTO), 53 ki\u015filik heyetle Anuga 2025\u2019e kat\u0131larak Denizli\u2019yi temsil etti. DTO \u00fcyesi i\u015f insanlar\u0131ndan olu\u015fan Denizli fuar heyeti, g\u0131da teknolojilerindeki&#8230;<\/p>\n","protected":false},"author":1,"featured_media":59655,"comment_status":"open","ping_status":"open","sticky":false,"template":"","format":"standard","meta":{"_crdt_document":"","footnotes":""},"categories":[125],"tags":[],"class_list":["post-59654","post","type-post","status-publish","format-standard","has-post-thumbnail","hentry","category-ekonomi"],"_links":{"self":[{"href":"https:\/\/www.egemtv.com\/index.php?rest_route=\/wp\/v2\/posts\/59654","targetHints":{"allow":["GET"]}}],"collection":[{"href":"https:\/\/www.egemtv.com\/index.php?rest_route=\/wp\/v2\/posts"}],"about":[{"href":"https:\/\/www.egemtv.com\/index.php?rest_route=\/wp\/v2\/types\/post"}],"author":[{"embeddable":true,"href":"https:\/\/www.egemtv.com\/index.php?rest_route=\/wp\/v2\/users\/1"}],"replies":[{"embeddable":true,"href":"https:\/\/www.egemtv.com\/index.php?rest_route=%2Fwp%2Fv2%2Fcomments&post=59654"}],"version-history":[{"count":1,"href":"https:\/\/www.egemtv.com\/index.php?rest_route=\/wp\/v2\/posts\/59654\/revisions"}],"predecessor-version":[{"id":59656,"href":"https:\/\/www.egemtv.com\/index.php?rest_route=\/wp\/v2\/posts\/59654\/revisions\/59656"}],"wp:featuredmedia":[{"embeddable":true,"href":"https:\/\/www.egemtv.com\/index.php?rest_route=\/wp\/v2\/media\/59655"}],"wp:attachment":[{"href":"https:\/\/www.egemtv.com\/index.php?rest_route=%2Fwp%2Fv2%2Fmedia&parent=59654"}],"wp:term":[{"taxonomy":"category","embeddable":true,"href":"https:\/\/www.egemtv.com\/index.php?rest_route=%2Fwp%2Fv2%2Fcategories&post=59654"},{"taxonomy":"post_tag","embeddable":true,"href":"https:\/\/www.egemtv.com\/index.php?rest_route=%2Fwp%2Fv2%2Ftags&post=59654"}],"curies":[{"name":"wp","href":"https:\/\/api.w.org\/{rel}","templated":true}]}}