{"id":59651,"date":"2025-10-06T14:34:44","date_gmt":"2025-10-06T11:34:44","guid":{"rendered":"https:\/\/www.egemtv.com\/?p=59651"},"modified":"2025-10-06T14:34:45","modified_gmt":"2025-10-06T11:34:45","slug":"cesitli-suclardan-26-yil-hapis-cezasi-ile-aranan-sahis-yakalandi","status":"publish","type":"post","link":"https:\/\/www.egemtv.com\/?p=59651","title":{"rendered":"\u00c7e\u015fitli su\u00e7lardan 26 y\u0131l hapis cezas\u0131 ile aranan \u015fah\u0131s yakaland\u0131"},"content":{"rendered":"<p>Afyonkarahisar\u2019da \u00e7e\u015fitli su\u00e7lardan 26 y\u0131l hapis cezas\u0131 ile aranan 32 ya\u015f\u0131ndaki \u015fah\u0131s jandarman\u0131n operasyonu ile yakaland\u0131.<br \/>\n<br \/>Eeinilen bilgilere g\u00f6re, Afyonkarahisar \u0130l Jandarma Komutanl\u0131\u011f\u0131 taraf\u0131ndan aranan \u015fah\u0131slar\u0131n tespiti ve yakalanmas\u0131na y\u00f6nelik \u00e7al\u0131\u015fma yap\u0131ld\u0131. Yap\u0131lan \u00e7al\u0131\u015fmalar sonras\u0131nda Z.\u00c7., isimli \u015fahs\u0131n \u2019b\u00fcy\u00fckba\u015f veya k\u00fc\u00e7\u00fckba\u015f hayvan h\u0131rs\u0131zl\u0131\u011f\u0131, h\u00fck\u00fcml\u00fc veya tutuklunun ka\u00e7mas\u0131, silahla birden fazla ki\u015fi ile birlikte konutta geceleyin ya\u011fma ve bina i\u00e7inde muhafaza alt\u0131na al\u0131nm\u0131\u015f olan e\u015fya hakk\u0131nda h\u0131rs\u0131zl\u0131k\u2019 su\u00e7lar\u0131ndan hakk\u0131nda, 26 y\u0131l<br \/>\n<br \/>Hapis cezas\u0131 ile arand\u0131\u011f\u0131 belirlendi. Ard\u0131ndan \u015fahs\u0131n pe\u015fine d\u00fc\u015fen ekipler \u015f\u00fcpheliyi \u00c7ay il\u00e7esinde g\u00f6zalt\u0131na ald\u0131. \u015eah\u0131s i\u015flemlerinin ard\u0131ndan sevk edildi\u011fi mahkeme taraf\u0131ndan tutuklanarak cezaevine g\u00f6nderildi.<br \/><\/p>\n","protected":false},"excerpt":{"rendered":"<p>Afyonkarahisar\u2019da \u00e7e\u015fitli su\u00e7lardan 26 y\u0131l hapis cezas\u0131 ile aranan 32 ya\u015f\u0131ndaki \u015fah\u0131s jandarman\u0131n operasyonu ile yakaland\u0131. Eeinilen bilgilere g\u00f6re, Afyonkarahisar \u0130l Jandarma Komutanl\u0131\u011f\u0131 taraf\u0131ndan aranan \u015fah\u0131slar\u0131n tespiti ve yakalanmas\u0131na y\u00f6nelik \u00e7al\u0131\u015fma yap\u0131ld\u0131. Yap\u0131lan \u00e7al\u0131\u015fmalar sonras\u0131nda Z.\u00c7., isimli \u015fahs\u0131n \u2019b\u00fcy\u00fckba\u015f veya k\u00fc\u00e7\u00fckba\u015f hayvan h\u0131rs\u0131zl\u0131\u011f\u0131, h\u00fck\u00fcml\u00fc veya tutuklunun ka\u00e7mas\u0131, silahla birden fazla ki\u015fi ile birlikte konutta geceleyin&#8230;<\/p>\n","protected":false},"author":1,"featured_media":59652,"comment_status":"open","ping_status":"open","sticky":false,"template":"","format":"standard","meta":{"_crdt_document":"","footnotes":""},"categories":[5],"tags":[],"class_list":["post-59651","post","type-post","status-publish","format-standard","has-post-thumbnail","hentry","category-asayis"],"_links":{"self":[{"href":"https:\/\/www.egemtv.com\/index.php?rest_route=\/wp\/v2\/posts\/59651","targetHints":{"allow":["GET"]}}],"collection":[{"href":"https:\/\/www.egemtv.com\/index.php?rest_route=\/wp\/v2\/posts"}],"about":[{"href":"https:\/\/www.egemtv.com\/index.php?rest_route=\/wp\/v2\/types\/post"}],"author":[{"embeddable":true,"href":"https:\/\/www.egemtv.com\/index.php?rest_route=\/wp\/v2\/users\/1"}],"replies":[{"embeddable":true,"href":"https:\/\/www.egemtv.com\/index.php?rest_route=%2Fwp%2Fv2%2Fcomments&post=59651"}],"version-history":[{"count":1,"href":"https:\/\/www.egemtv.com\/index.php?rest_route=\/wp\/v2\/posts\/59651\/revisions"}],"predecessor-version":[{"id":59653,"href":"https:\/\/www.egemtv.com\/index.php?rest_route=\/wp\/v2\/posts\/59651\/revisions\/59653"}],"wp:featuredmedia":[{"embeddable":true,"href":"https:\/\/www.egemtv.com\/index.php?rest_route=\/wp\/v2\/media\/59652"}],"wp:attachment":[{"href":"https:\/\/www.egemtv.com\/index.php?rest_route=%2Fwp%2Fv2%2Fmedia&parent=59651"}],"wp:term":[{"taxonomy":"category","embeddable":true,"href":"https:\/\/www.egemtv.com\/index.php?rest_route=%2Fwp%2Fv2%2Fcategories&post=59651"},{"taxonomy":"post_tag","embeddable":true,"href":"https:\/\/www.egemtv.com\/index.php?rest_route=%2Fwp%2Fv2%2Ftags&post=59651"}],"curies":[{"name":"wp","href":"https:\/\/api.w.org\/{rel}","templated":true}]}}