{"id":59563,"date":"2025-10-06T10:55:33","date_gmt":"2025-10-06T07:55:33","guid":{"rendered":"https:\/\/www.egemtv.com\/?p=59563"},"modified":"2025-10-06T10:56:27","modified_gmt":"2025-10-06T07:56:27","slug":"hisarcikli-avcilar-6-saatte-7-yaban-domuzu-vurdu","status":"publish","type":"post","link":"https:\/\/www.egemtv.com\/?p=59563","title":{"rendered":"Hisarc\u0131kl\u0131 avc\u0131lar 6 saatte 7 yaban domuzu vurdu"},"content":{"rendered":"<p>K\u00fctahya\u2019n\u0131n Hisarc\u0131k il\u00e7esindeki avc\u0131lar 6 saatte 7 yaban domuz vurdu.<br \/>\n<br \/>Hisarc\u0131k Merkez Avc\u0131l\u0131k ve At\u0131c\u0131l\u0131k \u0130htisas Kul\u00fcb\u00fc \u00fcyesi 6 avc\u0131, il\u00e7e merkezindeki Arpal\u0131k mevkiinde domuz av\u0131 ba\u015flatt\u0131. 6 saatlik kovalamacan\u0131n ard\u0131ndan K\u0131rg\u0131l k\u00f6y\u00fc yak\u0131nlar\u0131nda sona eren domuz av\u0131nda 7 yaban domuzu vuruldu.<br \/>\n<br \/>Son g\u00fcnlerde yaban domuzlar\u0131n\u0131n \u00f6zellikle silajl\u0131k m\u0131s\u0131rlara b\u00fcy\u00fck zarar verdi\u011fini s\u00f6yleyen Kul\u00fcp Ba\u015fkan\u0131 Mehmet \u00d6zkan, &#8220;Bir \u00e7ift\u00e7i arkada\u015f\u0131n silajl\u0131k m\u0131s\u0131rlar\u0131na zarar veren domuzlar\u0131 avlamak i\u00e7in kul\u00fcp \u00fcyesi arkada\u015flarla birlikte il\u00e7emiz Arpal\u0131k mevkiinde domuz av\u0131 ba\u015flatt\u0131k. \u00c7ift\u00e7ilerimizin emeklerinin zayi olmamas\u0131 ve \u00fcr\u00fcn kay\u0131plar\u0131n\u0131n azalt\u0131lmas\u0131 amac\u0131yla 6 arkada\u015f\u0131m\u0131zla ger\u00e7ekle\u015ftirdi\u011fimiz domuz av\u0131nda \u00f6nce k\u00f6peklerimizi domuzlar\u0131n izine sald\u0131k. Yakla\u015f\u0131k 6 saat s\u00fcren iz s\u00fcrme sonucu Emet il\u00e7esinin K\u0131rg\u0131l k\u00f6y\u00fc yak\u0131nlar\u0131nda 7 yaban domuzu vurduk&#8221; diye konu\u015ftu.<br \/><\/p>\n","protected":false},"excerpt":{"rendered":"<p>K\u00fctahya\u2019n\u0131n Hisarc\u0131k il\u00e7esindeki avc\u0131lar 6 saatte 7 yaban domuz vurdu. Hisarc\u0131k Merkez Avc\u0131l\u0131k ve At\u0131c\u0131l\u0131k \u0130htisas Kul\u00fcb\u00fc \u00fcyesi 6 avc\u0131, il\u00e7e merkezindeki Arpal\u0131k mevkiinde domuz av\u0131 ba\u015flatt\u0131. 6 saatlik kovalamacan\u0131n ard\u0131ndan K\u0131rg\u0131l k\u00f6y\u00fc yak\u0131nlar\u0131nda sona eren domuz av\u0131nda 7 yaban domuzu vuruldu. Son g\u00fcnlerde yaban domuzlar\u0131n\u0131n \u00f6zellikle silajl\u0131k m\u0131s\u0131rlara b\u00fcy\u00fck zarar verdi\u011fini s\u00f6yleyen Kul\u00fcp Ba\u015fkan\u0131&#8230;<\/p>\n","protected":false},"author":1,"featured_media":59564,"comment_status":"open","ping_status":"open","sticky":false,"template":"","format":"standard","meta":{"_crdt_document":"","footnotes":""},"categories":[1],"tags":[],"class_list":["post-59563","post","type-post","status-publish","format-standard","has-post-thumbnail","hentry","category-guncel"],"_links":{"self":[{"href":"https:\/\/www.egemtv.com\/index.php?rest_route=\/wp\/v2\/posts\/59563","targetHints":{"allow":["GET"]}}],"collection":[{"href":"https:\/\/www.egemtv.com\/index.php?rest_route=\/wp\/v2\/posts"}],"about":[{"href":"https:\/\/www.egemtv.com\/index.php?rest_route=\/wp\/v2\/types\/post"}],"author":[{"embeddable":true,"href":"https:\/\/www.egemtv.com\/index.php?rest_route=\/wp\/v2\/users\/1"}],"replies":[{"embeddable":true,"href":"https:\/\/www.egemtv.com\/index.php?rest_route=%2Fwp%2Fv2%2Fcomments&post=59563"}],"version-history":[{"count":1,"href":"https:\/\/www.egemtv.com\/index.php?rest_route=\/wp\/v2\/posts\/59563\/revisions"}],"predecessor-version":[{"id":59565,"href":"https:\/\/www.egemtv.com\/index.php?rest_route=\/wp\/v2\/posts\/59563\/revisions\/59565"}],"wp:featuredmedia":[{"embeddable":true,"href":"https:\/\/www.egemtv.com\/index.php?rest_route=\/wp\/v2\/media\/59564"}],"wp:attachment":[{"href":"https:\/\/www.egemtv.com\/index.php?rest_route=%2Fwp%2Fv2%2Fmedia&parent=59563"}],"wp:term":[{"taxonomy":"category","embeddable":true,"href":"https:\/\/www.egemtv.com\/index.php?rest_route=%2Fwp%2Fv2%2Fcategories&post=59563"},{"taxonomy":"post_tag","embeddable":true,"href":"https:\/\/www.egemtv.com\/index.php?rest_route=%2Fwp%2Fv2%2Ftags&post=59563"}],"curies":[{"name":"wp","href":"https:\/\/api.w.org\/{rel}","templated":true}]}}