{"id":59560,"date":"2025-10-06T10:38:20","date_gmt":"2025-10-06T07:38:20","guid":{"rendered":"https:\/\/www.egemtv.com\/?p=59560"},"modified":"2025-10-06T10:39:19","modified_gmt":"2025-10-06T07:39:19","slug":"mugla-uluslararasi-genclik-merkezinde-engeller-sanatla-asiliyor","status":"publish","type":"post","link":"https:\/\/www.egemtv.com\/?p=59560","title":{"rendered":"Mu\u011fla Uluslararas\u0131 Gen\u00e7lik Merkezi\u2019nde engeller sanatla a\u015f\u0131l\u0131yor"},"content":{"rendered":"<p>Mu\u011fla Gen\u00e7lik ve Spor \u0130l M\u00fcd\u00fcrl\u00fc\u011f\u00fc b\u00fcnyesinde faaliyetlerini s\u00fcrd\u00fcren Uluslararas\u0131 Gen\u00e7lik Merkezi, anlaml\u0131 bir sosyal sorumluluk projesine imza at\u0131yor. Merkezde, engelli bireylerle her hafta farkl\u0131 sanat at\u00f6lyesi \u00e7al\u0131\u015fmalar\u0131 ger\u00e7ekle\u015ftiriliyor.<\/p>\n<p>Gen\u00e7lik Merkezi g\u00f6n\u00fcll\u00fcleri taraf\u0131ndan b\u00fcy\u00fck bir \u00f6zenle haz\u0131rlanan Sanat At\u00f6lyesi etkinliklerinde, engelli bireyler renklerin d\u00fcnyas\u0131nda keyifli vakit ge\u00e7iriyor. Etkinliklerde, g\u00f6n\u00fcll\u00fc gen\u00e7lerle engelli bireyler, resim ve el sanatlar\u0131 alan\u0131nda \u00e7e\u015fitli \u00e7al\u0131\u015fmalar yaparak hem yeteneklerini sergiliyor hem de g\u00fc\u00e7l\u00fc bir payla\u015f\u0131m ve dostluk ortam\u0131 olu\u015fturuyor.<\/p>\n<p>G\u00f6n\u00fcll\u00fc gen\u00e7lerin deste\u011fiyle hayat bulan at\u00f6lye \u00e7al\u0131\u015fmalar\u0131, toplumsal fark\u0131ndal\u0131k ve birlikte \u00fcretmenin mutlulu\u011funu \u00f6n plana \u00e7\u0131kar\u0131yor. Sanat\u0131n birle\u015ftirici g\u00fcc\u00fc sayesinde herkesin kendini rahat\u00e7a ifade edebildi\u011fi bu anlaml\u0131 etkinlikte, dostluk havas\u0131 h\u00e2kim oluyor.<\/p>\n<p>Etkinlikte g\u00f6n\u00fcll\u00fc olarak yer alan gen\u00e7lerden Zeynep Huriye Uysal, duygular\u0131n\u0131 \u015fu s\u00f6zlerle dile getirdi: &#8220;Bug\u00fcn yakla\u015f\u0131k 15 engelli bireyle bir araya geldik. Onlarla bir ba\u011f kurmak ve e\u011flenceli vakit ge\u00e7irmek ger\u00e7ekten \u00e7ok g\u00fczel. Bu t\u00fcr sosyal sorumluluk etkinliklerinde olmak paha bi\u00e7ilemez. Benim gibi g\u00f6n\u00fcll\u00fc gen\u00e7lerle bir arada olmak ve dostluk i\u00e7inde \u00e7al\u0131\u015fmalar yapmak \u00e7ok de\u011ferli. Bizlere bu imkan\u0131 tan\u0131yan Gen\u00e7lik ve Spor Bakanl\u0131\u011f\u0131m\u0131za \u00e7ok te\u015fekk\u00fcr ederim &#8220;dedi.<br \/><\/p>\n","protected":false},"excerpt":{"rendered":"<p>Mu\u011fla Gen\u00e7lik ve Spor \u0130l M\u00fcd\u00fcrl\u00fc\u011f\u00fc b\u00fcnyesinde faaliyetlerini s\u00fcrd\u00fcren Uluslararas\u0131 Gen\u00e7lik Merkezi, anlaml\u0131 bir sosyal sorumluluk projesine imza at\u0131yor. Merkezde, engelli bireylerle her hafta farkl\u0131 sanat at\u00f6lyesi \u00e7al\u0131\u015fmalar\u0131 ger\u00e7ekle\u015ftiriliyor. Gen\u00e7lik Merkezi g\u00f6n\u00fcll\u00fcleri taraf\u0131ndan b\u00fcy\u00fck bir \u00f6zenle haz\u0131rlanan Sanat At\u00f6lyesi etkinliklerinde, engelli bireyler renklerin d\u00fcnyas\u0131nda keyifli vakit ge\u00e7iriyor. Etkinliklerde, g\u00f6n\u00fcll\u00fc gen\u00e7lerle engelli bireyler, resim ve el&#8230;<\/p>\n","protected":false},"author":1,"featured_media":59561,"comment_status":"open","ping_status":"open","sticky":false,"template":"","format":"standard","meta":{"_crdt_document":"","footnotes":""},"categories":[1],"tags":[],"class_list":["post-59560","post","type-post","status-publish","format-standard","has-post-thumbnail","hentry","category-guncel"],"_links":{"self":[{"href":"https:\/\/www.egemtv.com\/index.php?rest_route=\/wp\/v2\/posts\/59560","targetHints":{"allow":["GET"]}}],"collection":[{"href":"https:\/\/www.egemtv.com\/index.php?rest_route=\/wp\/v2\/posts"}],"about":[{"href":"https:\/\/www.egemtv.com\/index.php?rest_route=\/wp\/v2\/types\/post"}],"author":[{"embeddable":true,"href":"https:\/\/www.egemtv.com\/index.php?rest_route=\/wp\/v2\/users\/1"}],"replies":[{"embeddable":true,"href":"https:\/\/www.egemtv.com\/index.php?rest_route=%2Fwp%2Fv2%2Fcomments&post=59560"}],"version-history":[{"count":1,"href":"https:\/\/www.egemtv.com\/index.php?rest_route=\/wp\/v2\/posts\/59560\/revisions"}],"predecessor-version":[{"id":59562,"href":"https:\/\/www.egemtv.com\/index.php?rest_route=\/wp\/v2\/posts\/59560\/revisions\/59562"}],"wp:featuredmedia":[{"embeddable":true,"href":"https:\/\/www.egemtv.com\/index.php?rest_route=\/wp\/v2\/media\/59561"}],"wp:attachment":[{"href":"https:\/\/www.egemtv.com\/index.php?rest_route=%2Fwp%2Fv2%2Fmedia&parent=59560"}],"wp:term":[{"taxonomy":"category","embeddable":true,"href":"https:\/\/www.egemtv.com\/index.php?rest_route=%2Fwp%2Fv2%2Fcategories&post=59560"},{"taxonomy":"post_tag","embeddable":true,"href":"https:\/\/www.egemtv.com\/index.php?rest_route=%2Fwp%2Fv2%2Ftags&post=59560"}],"curies":[{"name":"wp","href":"https:\/\/api.w.org\/{rel}","templated":true}]}}