{"id":59557,"date":"2025-10-06T10:35:50","date_gmt":"2025-10-06T07:35:50","guid":{"rendered":"https:\/\/www.egemtv.com\/?p=59557"},"modified":"2025-10-06T10:36:39","modified_gmt":"2025-10-06T07:36:39","slug":"muglada-uluslararasi-katilimli-gastronomi-festivali-buyuk-ilgi-gordu","status":"publish","type":"post","link":"https:\/\/www.egemtv.com\/?p=59557","title":{"rendered":"Mu\u011fla\u2019da Uluslararas\u0131 kat\u0131l\u0131ml\u0131 gastronomi festivali b\u00fcy\u00fck ilgi g\u00f6rd\u00fc"},"content":{"rendered":"<p>Mu\u011fla\u2019n\u0131n zengin mutfak k\u00fclt\u00fcr\u00fcn\u00fc uluslararas\u0131 alana ta\u015f\u0131mak amac\u0131yla Mu\u011fla Tan\u0131t\u0131m Platformu taraf\u0131ndan bu y\u0131l ilki ger\u00e7ekle\u015ftirilen Gastronomi Festivali, b\u00fcy\u00fck bir co\u015fkuyla tamamland\u0131. &#8220;Sofraya davetlisiniz&#8221; slogan\u0131yla d\u00fczenlenen festivale, Mu\u011fla Valili\u011fi, Mu\u011fla B\u00fcy\u00fck\u015fehir Belediyesi, Mente\u015fe Belediyesi ve Mente\u015fe Kaymakaml\u0131\u011f\u0131 destek verdi.<\/p>\n<p>Festivale, Rusya, Azerbaycan ve Kafkasya\u2019dan 25 yabanc\u0131 \u015fef kat\u0131larak Mu\u011fla\u2019n\u0131n y\u00f6resel lezzetlerini deneyimleme f\u0131rsat\u0131 buldu. Kur\u015funlu Meydan\u0131\u2019nda ba\u015flayan etkinlik, yo\u011fun bir programla devam etti.<\/p>\n<p>Program\u0131n a\u00e7\u0131l\u0131\u015f\u0131, &#8220;Mu\u011fla \u0130li Co\u011frafi \u0130\u015faretli \u00dcr\u00fcnlerinin \u00d6nemi ve Tan\u0131t\u0131m\u0131&#8221; konulu bir panelle yap\u0131ld\u0131. Ard\u0131ndan &#8220;Mu\u011fla K\u00fclt\u00fcr Rotas\u0131-1&#8221; adl\u0131 kitap tan\u0131t\u0131l\u0131rken, misafir \u015fefler tarihi Arasta \u00c7ar\u015f\u0131s\u0131 esnaf\u0131n\u0131 ziyaret ederek yerel k\u00fclt\u00fcr\u00fc yak\u0131ndan tan\u0131d\u0131.<\/p>\n<p>Festival boyunca yemek at\u00f6lyeleri, Mu\u011fla\u2019n\u0131n Kooperatifleri, Slow Food Mu\u011fla Yery\u00fcz\u00fc Pazar\u0131 \u00fcreticileri ve y\u00f6resel \u00fcr\u00fcn stantlar\u0131 b\u00fcy\u00fck ilgi g\u00f6rd\u00fc. \u00d6zellikle yerel \u00fcreticilerin \u00fcr\u00fcnlerinin yer ald\u0131\u011f\u0131 stantlar ziyaret\u00e7ilerin ak\u0131n\u0131na u\u011frad\u0131.<\/p>\n<p>Festival, sadece fiziki kat\u0131l\u0131mda de\u011fil, dijital alanda da dikkat \u00e7ekti. Etkinlik, sosyal medya platformlar\u0131nda 350 bin etkile\u015fim alarak b\u00fcy\u00fck bir g\u00f6r\u00fcn\u00fcrl\u00fck kazand\u0131 ve b\u00f6lge halk\u0131ndan yo\u011fun ziyaret\u00e7i ak\u0131n\u0131na u\u011frad\u0131.<\/p>\n<p>Mu\u011fla Tan\u0131t\u0131m Platformu kurucusu G\u00fcrkan Tetik, festivale kat\u0131l\u0131m\u0131n beklentilerinin \u00fczerinde oldu\u011funu vurgulad\u0131. Tetik, etkinli\u011fin temel amac\u0131n\u0131n kentin tarihi, sanatsal ve \u00f6zellikle gastronomi alan\u0131nda tan\u0131nmas\u0131n\u0131 sa\u011flamak oldu\u011funu belirtti.<\/p>\n<p>Platform \u00fcyesi Ceyda Demir Akman ise gelecek y\u0131la dair hedeflerini a\u00e7\u0131klayarak, daha kapsaml\u0131 bir etkinlik ile Mu\u011fla\u2019n\u0131n gastronomi alan\u0131ndaki tan\u0131n\u0131rl\u0131\u011f\u0131na katk\u0131 sunmaya devam edeceklerini dile getirdi.<br \/><\/p>\n","protected":false},"excerpt":{"rendered":"<p>Mu\u011fla\u2019n\u0131n zengin mutfak k\u00fclt\u00fcr\u00fcn\u00fc uluslararas\u0131 alana ta\u015f\u0131mak amac\u0131yla Mu\u011fla Tan\u0131t\u0131m Platformu taraf\u0131ndan bu y\u0131l ilki ger\u00e7ekle\u015ftirilen Gastronomi Festivali, b\u00fcy\u00fck bir co\u015fkuyla tamamland\u0131. &#8220;Sofraya davetlisiniz&#8221; slogan\u0131yla d\u00fczenlenen festivale, Mu\u011fla Valili\u011fi, Mu\u011fla B\u00fcy\u00fck\u015fehir Belediyesi, Mente\u015fe Belediyesi ve Mente\u015fe Kaymakaml\u0131\u011f\u0131 destek verdi. Festivale, Rusya, Azerbaycan ve Kafkasya\u2019dan 25 yabanc\u0131 \u015fef kat\u0131larak Mu\u011fla\u2019n\u0131n y\u00f6resel lezzetlerini deneyimleme f\u0131rsat\u0131 buldu. Kur\u015funlu&#8230;<\/p>\n","protected":false},"author":1,"featured_media":59558,"comment_status":"open","ping_status":"open","sticky":false,"template":"","format":"standard","meta":{"_crdt_document":"","footnotes":""},"categories":[1],"tags":[],"class_list":["post-59557","post","type-post","status-publish","format-standard","has-post-thumbnail","hentry","category-guncel"],"_links":{"self":[{"href":"https:\/\/www.egemtv.com\/index.php?rest_route=\/wp\/v2\/posts\/59557","targetHints":{"allow":["GET"]}}],"collection":[{"href":"https:\/\/www.egemtv.com\/index.php?rest_route=\/wp\/v2\/posts"}],"about":[{"href":"https:\/\/www.egemtv.com\/index.php?rest_route=\/wp\/v2\/types\/post"}],"author":[{"embeddable":true,"href":"https:\/\/www.egemtv.com\/index.php?rest_route=\/wp\/v2\/users\/1"}],"replies":[{"embeddable":true,"href":"https:\/\/www.egemtv.com\/index.php?rest_route=%2Fwp%2Fv2%2Fcomments&post=59557"}],"version-history":[{"count":1,"href":"https:\/\/www.egemtv.com\/index.php?rest_route=\/wp\/v2\/posts\/59557\/revisions"}],"predecessor-version":[{"id":59559,"href":"https:\/\/www.egemtv.com\/index.php?rest_route=\/wp\/v2\/posts\/59557\/revisions\/59559"}],"wp:featuredmedia":[{"embeddable":true,"href":"https:\/\/www.egemtv.com\/index.php?rest_route=\/wp\/v2\/media\/59558"}],"wp:attachment":[{"href":"https:\/\/www.egemtv.com\/index.php?rest_route=%2Fwp%2Fv2%2Fmedia&parent=59557"}],"wp:term":[{"taxonomy":"category","embeddable":true,"href":"https:\/\/www.egemtv.com\/index.php?rest_route=%2Fwp%2Fv2%2Fcategories&post=59557"},{"taxonomy":"post_tag","embeddable":true,"href":"https:\/\/www.egemtv.com\/index.php?rest_route=%2Fwp%2Fv2%2Ftags&post=59557"}],"curies":[{"name":"wp","href":"https:\/\/api.w.org\/{rel}","templated":true}]}}