{"id":59554,"date":"2025-10-06T10:19:22","date_gmt":"2025-10-06T07:19:22","guid":{"rendered":"https:\/\/www.egemtv.com\/?p=59554"},"modified":"2025-10-06T10:20:01","modified_gmt":"2025-10-06T07:20:01","slug":"bergamali-sehit-astsubay-omer-yigit-ulus-dualarla-anildi","status":"publish","type":"post","link":"https:\/\/www.egemtv.com\/?p=59554","title":{"rendered":"Bergamal\u0131 \u015eehit Astsubay \u00d6mer Yi\u011fit Ulus, dualarla an\u0131ld\u0131"},"content":{"rendered":"<p>Batman\u2019\u0131n Ger\u00e7\u00fc\u015f il\u00e7esi k\u0131rsal\u0131nda 7 y\u0131l \u00f6nce PKK\u2019l\u0131 ter\u00f6ristlerin sald\u0131r\u0131s\u0131 sonucu \u015fehit d\u00fc\u015fen Bergamal\u0131 Jandarma Astsubay \u00c7avu\u015f \u00d6mer Yi\u011fit Ulus, memleketi Bergama\u2019da dualarla an\u0131ld\u0131.<br \/>\n<br \/>\u015eehidin baba oca\u011f\u0131 Hamzal\u0131 Mahallesi\u2019nde d\u00fczenlenen anma etkinli\u011finde mevlit okunarak, kat\u0131l\u0131mc\u0131lara yemek ikram\u0131nda bulunuldu. \u015eehit babas\u0131 Y\u00fccel Ulus ile anne \u015e\u00fckran Ulus, programa kat\u0131lan misafirlerin taziyelerini kabul etti.<br \/>\n<br \/>Cumhurba\u015fkan\u0131 Recep Tayyip Erdo\u011fan da anma program\u0131na telgraf g\u00f6ndererek, \u015fehit ailesine ba\u015fsa\u011fl\u0131\u011f\u0131 dileklerini iletti. Programda AK Parti Bergama \u0130l\u00e7e Ba\u015fkan\u0131 Hasan \u015eahin taraf\u0131ndan \u015fehit babas\u0131 Y\u00fccel Ulus\u2019a Kur\u2019an-\u0131 Kerim ve T\u00fcrk bayra\u011f\u0131 takdim edildi. Bergama M\u00fcft\u00fcs\u00fc Mehmet Cesur\u2019un dualar\u0131yla devam eden program, ikramlar\u0131n ard\u0131ndan sona erdi.<br \/>\n<br \/>Anma etkinli\u011fine MHP \u0130zmir Milletvekili Taner Osmano\u011flu, Bergama Kaymakam\u0131 Avni Oral, Belediye Ba\u015fkan\u0131 Prof. Dr. Tanju \u00c7elik, \u0130zmir \u0130l Jandarma Tugay Komutan Yard\u0131mc\u0131s\u0131 K\u0131demli Albay Co\u015fkun \u00c7orap\u00e7\u0131, Bergama Garnizon Komutan\u0131 Tank Albay Mehmet Ekizer, MHP \u0130zmir \u0130l Ba\u015fkan\u0131 Veysel Ero\u011flu, AK Parti Bergama \u0130l\u00e7e Ba\u015fkan\u0131 Hasan \u015eahin, CHP \u0130l\u00e7e Ba\u015fkan\u0131 \u0130smail Durmaz, MHP \u0130l\u00e7e Ba\u015fkan\u0131 Av. Hasan H\u00fcseyin Engin, \u0130yi Parti \u0130l\u00e7e Ba\u015fkan\u0131 Av. G\u00f6khan Engel, Emniyet M\u00fcd\u00fcr\u00fc Zivver Kaya, baz\u0131 belediye meclis \u00fcyeleri, daire amirleri, muhtarlar ve \u00e7ok say\u0131da vatanda\u015f kat\u0131ld\u0131.<br \/>\n<br \/>\u00d6te yandan, \u015fehit babas\u0131 Y\u00fccel Ulus o\u011flunun cenaze t\u00f6reninde d\u00f6nemin \u0130\u00e7i\u015fleri Bakan\u0131 S\u00fcleyman Soylu\u2019nun omzuna ba\u015f\u0131n\u0131 yaslayarak \u00e7ekilen foto\u011frafla haf\u0131zalara kaz\u0131nm\u0131\u015f, t\u00fcm T\u00fcrkiye\u2019yi a\u011flatm\u0131\u015ft\u0131.<br \/><\/p>\n","protected":false},"excerpt":{"rendered":"<p>Batman\u2019\u0131n Ger\u00e7\u00fc\u015f il\u00e7esi k\u0131rsal\u0131nda 7 y\u0131l \u00f6nce PKK\u2019l\u0131 ter\u00f6ristlerin sald\u0131r\u0131s\u0131 sonucu \u015fehit d\u00fc\u015fen Bergamal\u0131 Jandarma Astsubay \u00c7avu\u015f \u00d6mer Yi\u011fit Ulus, memleketi Bergama\u2019da dualarla an\u0131ld\u0131. \u015eehidin baba oca\u011f\u0131 Hamzal\u0131 Mahallesi\u2019nde d\u00fczenlenen anma etkinli\u011finde mevlit okunarak, kat\u0131l\u0131mc\u0131lara yemek ikram\u0131nda bulunuldu. \u015eehit babas\u0131 Y\u00fccel Ulus ile anne \u015e\u00fckran Ulus, programa kat\u0131lan misafirlerin taziyelerini kabul etti. Cumhurba\u015fkan\u0131 Recep Tayyip&#8230;<\/p>\n","protected":false},"author":1,"featured_media":59555,"comment_status":"open","ping_status":"open","sticky":false,"template":"","format":"standard","meta":{"_crdt_document":"","footnotes":""},"categories":[123],"tags":[],"class_list":["post-59554","post","type-post","status-publish","format-standard","has-post-thumbnail","hentry","category-gundem"],"_links":{"self":[{"href":"https:\/\/www.egemtv.com\/index.php?rest_route=\/wp\/v2\/posts\/59554","targetHints":{"allow":["GET"]}}],"collection":[{"href":"https:\/\/www.egemtv.com\/index.php?rest_route=\/wp\/v2\/posts"}],"about":[{"href":"https:\/\/www.egemtv.com\/index.php?rest_route=\/wp\/v2\/types\/post"}],"author":[{"embeddable":true,"href":"https:\/\/www.egemtv.com\/index.php?rest_route=\/wp\/v2\/users\/1"}],"replies":[{"embeddable":true,"href":"https:\/\/www.egemtv.com\/index.php?rest_route=%2Fwp%2Fv2%2Fcomments&post=59554"}],"version-history":[{"count":1,"href":"https:\/\/www.egemtv.com\/index.php?rest_route=\/wp\/v2\/posts\/59554\/revisions"}],"predecessor-version":[{"id":59556,"href":"https:\/\/www.egemtv.com\/index.php?rest_route=\/wp\/v2\/posts\/59554\/revisions\/59556"}],"wp:featuredmedia":[{"embeddable":true,"href":"https:\/\/www.egemtv.com\/index.php?rest_route=\/wp\/v2\/media\/59555"}],"wp:attachment":[{"href":"https:\/\/www.egemtv.com\/index.php?rest_route=%2Fwp%2Fv2%2Fmedia&parent=59554"}],"wp:term":[{"taxonomy":"category","embeddable":true,"href":"https:\/\/www.egemtv.com\/index.php?rest_route=%2Fwp%2Fv2%2Fcategories&post=59554"},{"taxonomy":"post_tag","embeddable":true,"href":"https:\/\/www.egemtv.com\/index.php?rest_route=%2Fwp%2Fv2%2Ftags&post=59554"}],"curies":[{"name":"wp","href":"https:\/\/api.w.org\/{rel}","templated":true}]}}