{"id":59551,"date":"2025-10-06T10:18:06","date_gmt":"2025-10-06T07:18:06","guid":{"rendered":"https:\/\/www.egemtv.com\/?p=59551"},"modified":"2025-10-06T10:18:26","modified_gmt":"2025-10-06T07:18:26","slug":"cesme-belediyespor-genc-satranccilarindan-gururlandiran-basari","status":"publish","type":"post","link":"https:\/\/www.egemtv.com\/?p=59551","title":{"rendered":"\u00c7e\u015fme Belediyespor gen\u00e7 satran\u00e7\u00e7\u0131lar\u0131ndan gururland\u0131ran ba\u015far\u0131"},"content":{"rendered":"<p>\u0130zmir Gen\u00e7lik Spor \u0130l M\u00fcd\u00fcrl\u00fc\u011f\u00fc ve T\u00fcrkiye Satran\u00e7 Federasyonu \u0130l Temsilcili\u011fi taraf\u0131ndan d\u00fczenlenen &#8220;Ye\u015fil Vatan Satran\u00e7 Turnuvas\u0131&#8221;nda, \u00c7e\u015fme Belediyespor sporcular\u0131 ald\u0131klar\u0131 madalyalarla \u00f6nemli ba\u015far\u0131lara imza att\u0131.<br \/>\n<br \/>Turnuvaya kat\u0131lan \u00c7e\u015fme Belediyespor oyuncular\u0131ndan Emir Cevdet \u015eener, kendi kategorisinde elde etti\u011fi dereceyle madalya kazand\u0131. Kul\u00fcb\u00fcn bir di\u011fer sporcusu Ecrin Ela Sevim ise, kategorisinde en iyi kad\u0131n sporcu \u00f6d\u00fcl\u00fcn\u00fcn yan\u0131 s\u0131ra genel s\u0131ralamada dokuzuncu olarak ikinci bir madalya daha kazanarak turnuvadan \u00e7ifte madalya ile ayr\u0131ld\u0131.<br \/>\n<br \/>\u00c7e\u015fme Belediyespor Kul\u00fcb\u00fc Ba\u015fkan\u0131 Mehmet Sar\u0131sa\u00e7, sporcular\u0131n\u0131n elde etti\u011fi ba\u015far\u0131dan b\u00fcy\u00fck gurur duyduklar\u0131n\u0131 belirterek \u015fu ifadeleri kulland\u0131: &#8220;Gen\u00e7 sporcular\u0131m\u0131z\u0131n bu t\u00fcr turnuvalarda ba\u015far\u0131 g\u00f6stermesi bizi son derece mutlu ediyor. Satran\u00e7 bran\u015f\u0131nda da kul\u00fcb\u00fcm\u00fcz\u00fcn ad\u0131n\u0131 duyurmak ve \u00e7ocuklar\u0131m\u0131z\u0131n geli\u015fimine katk\u0131 sa\u011flamak i\u00e7in \u00e7al\u0131\u015fmalar\u0131m\u0131za devam edece\u011fiz. Ba\u015fta Emir Cevdet \u015eener ve Ecrin Ela Sevim olmak \u00fczere, t\u00fcm sporcular\u0131m\u0131z\u0131 ve antren\u00f6rlerimizi kutluyorum.&#8221;<br \/><\/p>\n","protected":false},"excerpt":{"rendered":"<p>\u0130zmir Gen\u00e7lik Spor \u0130l M\u00fcd\u00fcrl\u00fc\u011f\u00fc ve T\u00fcrkiye Satran\u00e7 Federasyonu \u0130l Temsilcili\u011fi taraf\u0131ndan d\u00fczenlenen &#8220;Ye\u015fil Vatan Satran\u00e7 Turnuvas\u0131&#8221;nda, \u00c7e\u015fme Belediyespor sporcular\u0131 ald\u0131klar\u0131 madalyalarla \u00f6nemli ba\u015far\u0131lara imza att\u0131. Turnuvaya kat\u0131lan \u00c7e\u015fme Belediyespor oyuncular\u0131ndan Emir Cevdet \u015eener, kendi kategorisinde elde etti\u011fi dereceyle madalya kazand\u0131. Kul\u00fcb\u00fcn bir di\u011fer sporcusu Ecrin Ela Sevim ise, kategorisinde en iyi kad\u0131n sporcu \u00f6d\u00fcl\u00fcn\u00fcn&#8230;<\/p>\n","protected":false},"author":1,"featured_media":59552,"comment_status":"open","ping_status":"open","sticky":false,"template":"","format":"standard","meta":{"_crdt_document":"","footnotes":""},"categories":[4],"tags":[],"class_list":["post-59551","post","type-post","status-publish","format-standard","has-post-thumbnail","hentry","category-spor"],"_links":{"self":[{"href":"https:\/\/www.egemtv.com\/index.php?rest_route=\/wp\/v2\/posts\/59551","targetHints":{"allow":["GET"]}}],"collection":[{"href":"https:\/\/www.egemtv.com\/index.php?rest_route=\/wp\/v2\/posts"}],"about":[{"href":"https:\/\/www.egemtv.com\/index.php?rest_route=\/wp\/v2\/types\/post"}],"author":[{"embeddable":true,"href":"https:\/\/www.egemtv.com\/index.php?rest_route=\/wp\/v2\/users\/1"}],"replies":[{"embeddable":true,"href":"https:\/\/www.egemtv.com\/index.php?rest_route=%2Fwp%2Fv2%2Fcomments&post=59551"}],"version-history":[{"count":1,"href":"https:\/\/www.egemtv.com\/index.php?rest_route=\/wp\/v2\/posts\/59551\/revisions"}],"predecessor-version":[{"id":59553,"href":"https:\/\/www.egemtv.com\/index.php?rest_route=\/wp\/v2\/posts\/59551\/revisions\/59553"}],"wp:featuredmedia":[{"embeddable":true,"href":"https:\/\/www.egemtv.com\/index.php?rest_route=\/wp\/v2\/media\/59552"}],"wp:attachment":[{"href":"https:\/\/www.egemtv.com\/index.php?rest_route=%2Fwp%2Fv2%2Fmedia&parent=59551"}],"wp:term":[{"taxonomy":"category","embeddable":true,"href":"https:\/\/www.egemtv.com\/index.php?rest_route=%2Fwp%2Fv2%2Fcategories&post=59551"},{"taxonomy":"post_tag","embeddable":true,"href":"https:\/\/www.egemtv.com\/index.php?rest_route=%2Fwp%2Fv2%2Ftags&post=59551"}],"curies":[{"name":"wp","href":"https:\/\/api.w.org\/{rel}","templated":true}]}}