{"id":59548,"date":"2025-10-06T10:16:21","date_gmt":"2025-10-06T07:16:21","guid":{"rendered":"https:\/\/www.egemtv.com\/?p=59548"},"modified":"2025-10-06T10:17:19","modified_gmt":"2025-10-06T07:17:19","slug":"din-gorevlileri-sakaryabasi-piknik-alaninda-bulustular","status":"publish","type":"post","link":"https:\/\/www.egemtv.com\/?p=59548","title":{"rendered":"Din g\u00f6revlileri Sakaryaba\u015f\u0131 piknik alan\u0131nda bulu\u015ftular"},"content":{"rendered":"<p>Emirda\u011f il\u00e7esinde g\u00f6rev yapan din g\u00f6revlileri, \u00c7ifteler il\u00e7esinin Sakarba\u015f\u0131 piknik alan\u0131nda bir araya geldi.<br \/>\n<br \/>2025 y\u0131l\u0131 Camiler ve Din G\u00f6revlileri Haftas\u0131 \u00e7er\u00e7evesinde Emirda\u011f M\u00fcft\u00fcl\u00fc\u011f\u00fc taraf\u0131ndan d\u00fczenlenen piknikte din g\u00f6revlileri ne\u015feli ve ho\u015f\u00e7a vakit ge\u00e7irdiler. \u00c7ifteler il\u00e7esi Sakaryaba\u015f\u0131 piknik alan\u0131nda yap\u0131lan etkinli\u011fe; Emirda\u011f M\u00fcft\u00fcs\u00fc Cihan Eker, \u015eube M\u00fcd\u00fcr\u00fc \u015euay\u0131b Ayd\u0131nl\u0131o\u011flu ve \u00e7ok say\u0131da din g\u00f6revlileri kat\u0131ld\u0131.<br \/><\/p>\n","protected":false},"excerpt":{"rendered":"<p>Emirda\u011f il\u00e7esinde g\u00f6rev yapan din g\u00f6revlileri, \u00c7ifteler il\u00e7esinin Sakarba\u015f\u0131 piknik alan\u0131nda bir araya geldi. 2025 y\u0131l\u0131 Camiler ve Din G\u00f6revlileri Haftas\u0131 \u00e7er\u00e7evesinde Emirda\u011f M\u00fcft\u00fcl\u00fc\u011f\u00fc taraf\u0131ndan d\u00fczenlenen piknikte din g\u00f6revlileri ne\u015feli ve ho\u015f\u00e7a vakit ge\u00e7irdiler. \u00c7ifteler il\u00e7esi Sakaryaba\u015f\u0131 piknik alan\u0131nda yap\u0131lan etkinli\u011fe; Emirda\u011f M\u00fcft\u00fcs\u00fc Cihan Eker, \u015eube M\u00fcd\u00fcr\u00fc \u015euay\u0131b Ayd\u0131nl\u0131o\u011flu ve \u00e7ok say\u0131da din g\u00f6revlileri kat\u0131ld\u0131.<\/p>\n","protected":false},"author":1,"featured_media":59549,"comment_status":"open","ping_status":"open","sticky":false,"template":"","format":"standard","meta":{"_crdt_document":"","footnotes":""},"categories":[1],"tags":[],"class_list":["post-59548","post","type-post","status-publish","format-standard","has-post-thumbnail","hentry","category-guncel"],"_links":{"self":[{"href":"https:\/\/www.egemtv.com\/index.php?rest_route=\/wp\/v2\/posts\/59548","targetHints":{"allow":["GET"]}}],"collection":[{"href":"https:\/\/www.egemtv.com\/index.php?rest_route=\/wp\/v2\/posts"}],"about":[{"href":"https:\/\/www.egemtv.com\/index.php?rest_route=\/wp\/v2\/types\/post"}],"author":[{"embeddable":true,"href":"https:\/\/www.egemtv.com\/index.php?rest_route=\/wp\/v2\/users\/1"}],"replies":[{"embeddable":true,"href":"https:\/\/www.egemtv.com\/index.php?rest_route=%2Fwp%2Fv2%2Fcomments&post=59548"}],"version-history":[{"count":1,"href":"https:\/\/www.egemtv.com\/index.php?rest_route=\/wp\/v2\/posts\/59548\/revisions"}],"predecessor-version":[{"id":59550,"href":"https:\/\/www.egemtv.com\/index.php?rest_route=\/wp\/v2\/posts\/59548\/revisions\/59550"}],"wp:featuredmedia":[{"embeddable":true,"href":"https:\/\/www.egemtv.com\/index.php?rest_route=\/wp\/v2\/media\/59549"}],"wp:attachment":[{"href":"https:\/\/www.egemtv.com\/index.php?rest_route=%2Fwp%2Fv2%2Fmedia&parent=59548"}],"wp:term":[{"taxonomy":"category","embeddable":true,"href":"https:\/\/www.egemtv.com\/index.php?rest_route=%2Fwp%2Fv2%2Fcategories&post=59548"},{"taxonomy":"post_tag","embeddable":true,"href":"https:\/\/www.egemtv.com\/index.php?rest_route=%2Fwp%2Fv2%2Ftags&post=59548"}],"curies":[{"name":"wp","href":"https:\/\/api.w.org\/{rel}","templated":true}]}}