{"id":59545,"date":"2025-10-06T09:56:36","date_gmt":"2025-10-06T06:56:36","guid":{"rendered":"https:\/\/www.egemtv.com\/?p=59545"},"modified":"2025-10-06T09:56:56","modified_gmt":"2025-10-06T06:56:56","slug":"atesle-yapilan-temizlik-yangina-neden-oldu","status":"publish","type":"post","link":"https:\/\/www.egemtv.com\/?p=59545","title":{"rendered":"Ate\u015fle yap\u0131lan temizlik yang\u0131na neden oldu"},"content":{"rendered":"<p>DEN\u0130ZL\u0130 (\u0130HA) \u2013 Denizli\u2019nin Buldan il\u00e7esinde bir yazl\u0131\u011f\u0131n bah\u00e7esindeki kuru otlar\u0131n temizlenmesi i\u00e7in yak\u0131lan ate\u015f yang\u0131na neden oldu.<br \/>\n<br \/>Olay, Buldan il\u00e7esine ba\u011fl\u0131 Bursa Mahallesi Sabuncu mevkiinde meydana geldi. Edinilen bilgiye g\u00f6re; b\u00f6lgede bulunan yazl\u0131k bir konutun bah\u00e7esindeki otlar\u0131n temizlenmesi i\u00e7in ate\u015f, kontrolden \u00e7\u0131k\u0131nca yang\u0131na neden oldu. \u00c7\u0131kan yang\u0131na Buldan Orman \u0130\u015fletme M\u00fcd\u00fcrl\u00fc\u011f\u00fc ile itfaiye ekipleri m\u00fcdahale etti. B\u00f6lgede ya\u015fayan vatanda\u015flar\u0131n da destek verdi\u011fi \u00e7al\u0131\u015fmalar sonucunda, \u00e7\u0131kan yang\u0131n ormanl\u0131k alana ula\u015fmadan s\u00f6nd\u00fcr\u00fcld\u00fc.<br \/><\/p>\n","protected":false},"excerpt":{"rendered":"<p>DEN\u0130ZL\u0130 (\u0130HA) \u2013 Denizli\u2019nin Buldan il\u00e7esinde bir yazl\u0131\u011f\u0131n bah\u00e7esindeki kuru otlar\u0131n temizlenmesi i\u00e7in yak\u0131lan ate\u015f yang\u0131na neden oldu. Olay, Buldan il\u00e7esine ba\u011fl\u0131 Bursa Mahallesi Sabuncu mevkiinde meydana geldi. Edinilen bilgiye g\u00f6re; b\u00f6lgede bulunan yazl\u0131k bir konutun bah\u00e7esindeki otlar\u0131n temizlenmesi i\u00e7in ate\u015f, kontrolden \u00e7\u0131k\u0131nca yang\u0131na neden oldu. \u00c7\u0131kan yang\u0131na Buldan Orman \u0130\u015fletme M\u00fcd\u00fcrl\u00fc\u011f\u00fc ile itfaiye ekipleri&#8230;<\/p>\n","protected":false},"author":1,"featured_media":59546,"comment_status":"open","ping_status":"open","sticky":false,"template":"","format":"standard","meta":{"_crdt_document":"","footnotes":""},"categories":[5],"tags":[],"class_list":["post-59545","post","type-post","status-publish","format-standard","has-post-thumbnail","hentry","category-asayis"],"_links":{"self":[{"href":"https:\/\/www.egemtv.com\/index.php?rest_route=\/wp\/v2\/posts\/59545","targetHints":{"allow":["GET"]}}],"collection":[{"href":"https:\/\/www.egemtv.com\/index.php?rest_route=\/wp\/v2\/posts"}],"about":[{"href":"https:\/\/www.egemtv.com\/index.php?rest_route=\/wp\/v2\/types\/post"}],"author":[{"embeddable":true,"href":"https:\/\/www.egemtv.com\/index.php?rest_route=\/wp\/v2\/users\/1"}],"replies":[{"embeddable":true,"href":"https:\/\/www.egemtv.com\/index.php?rest_route=%2Fwp%2Fv2%2Fcomments&post=59545"}],"version-history":[{"count":1,"href":"https:\/\/www.egemtv.com\/index.php?rest_route=\/wp\/v2\/posts\/59545\/revisions"}],"predecessor-version":[{"id":59547,"href":"https:\/\/www.egemtv.com\/index.php?rest_route=\/wp\/v2\/posts\/59545\/revisions\/59547"}],"wp:featuredmedia":[{"embeddable":true,"href":"https:\/\/www.egemtv.com\/index.php?rest_route=\/wp\/v2\/media\/59546"}],"wp:attachment":[{"href":"https:\/\/www.egemtv.com\/index.php?rest_route=%2Fwp%2Fv2%2Fmedia&parent=59545"}],"wp:term":[{"taxonomy":"category","embeddable":true,"href":"https:\/\/www.egemtv.com\/index.php?rest_route=%2Fwp%2Fv2%2Fcategories&post=59545"},{"taxonomy":"post_tag","embeddable":true,"href":"https:\/\/www.egemtv.com\/index.php?rest_route=%2Fwp%2Fv2%2Ftags&post=59545"}],"curies":[{"name":"wp","href":"https:\/\/api.w.org\/{rel}","templated":true}]}}