{"id":59542,"date":"2025-10-06T09:15:29","date_gmt":"2025-10-06T06:15:29","guid":{"rendered":"https:\/\/www.egemtv.com\/?p=59542"},"modified":"2025-10-06T09:15:46","modified_gmt":"2025-10-06T06:15:46","slug":"kontrolden-cikan-otomobil-karsi-seride-gecerek-yolcu-otobusune-carpti-1-olu","status":"publish","type":"post","link":"https:\/\/www.egemtv.com\/?p=59542","title":{"rendered":"Kontrolden \u00e7\u0131kan otomobil kar\u015f\u0131 \u015feride ge\u00e7erek yolcu otob\u00fcs\u00fcne \u00e7arpt\u0131: 1 \u00f6l\u00fc"},"content":{"rendered":"<p>Isparta\u2019n\u0131n \u015earkikaraa\u011fa\u00e7 il\u00e7esinde kontrolden \u00e7\u0131kan otomobilin kar\u015f\u0131 \u015feride ge\u00e7erek yolcu otob\u00fcs\u00fcne \u00e7arpmas\u0131 sonucu meydana gelen kazada, otomobil s\u00fcr\u00fcc\u00fcs\u00fc ya\u015fam\u0131n\u0131 yitirdi.<br \/>\n<br \/>Kaza, saat 20.15 s\u0131ralar\u0131nda Isparta-Konya Karayolu\u2019nun \u015earkikaraa\u011fa\u00e7 il\u00e7esi mevkiinde meydana geldi. Edinilen bilgilere g\u00f6re, Halil Altunkaynak idaresindeki 42 U 3143 plakal\u0131 otomobil, s\u00fcr\u00fcc\u00fcs\u00fcn\u00fcn direksiyon hakimiyetini kaybetmesi sonucu kar\u015f\u0131 \u015feride ge\u00e7erek Turan D. y\u00f6netimindeki 02 KP 006 plakal\u0131 yolcu otob\u00fcs\u00fcne \u00e7arpt\u0131. \u00c7evredeki vatanda\u015flar\u0131n ihbar\u0131 \u00fczerine olay yerine sa\u011fl\u0131k ve jandarma ekipleri sevk edildi. Sa\u011fl\u0131k ekiplerinin yapt\u0131\u011f\u0131 kontrollerde otomobil s\u00fcr\u00fcc\u00fcs\u00fc Halil Altunkaynak\u2019\u0131n hayat\u0131n\u0131 kaybetti\u011fi belirlendi. Altunkaynak\u2019\u0131n cenazesi, olay yerinde yap\u0131lan incelemenin ard\u0131ndan otopsi yap\u0131lmak \u00fczere hastane morguna kald\u0131r\u0131ld\u0131. Kazayla ilgili soru\u015fturma ba\u015flat\u0131ld\u0131.<br \/><\/p>\n","protected":false},"excerpt":{"rendered":"<p>Isparta\u2019n\u0131n \u015earkikaraa\u011fa\u00e7 il\u00e7esinde kontrolden \u00e7\u0131kan otomobilin kar\u015f\u0131 \u015feride ge\u00e7erek yolcu otob\u00fcs\u00fcne \u00e7arpmas\u0131 sonucu meydana gelen kazada, otomobil s\u00fcr\u00fcc\u00fcs\u00fc ya\u015fam\u0131n\u0131 yitirdi. Kaza, saat 20.15 s\u0131ralar\u0131nda Isparta-Konya Karayolu\u2019nun \u015earkikaraa\u011fa\u00e7 il\u00e7esi mevkiinde meydana geldi. Edinilen bilgilere g\u00f6re, Halil Altunkaynak idaresindeki 42 U 3143 plakal\u0131 otomobil, s\u00fcr\u00fcc\u00fcs\u00fcn\u00fcn direksiyon hakimiyetini kaybetmesi sonucu kar\u015f\u0131 \u015feride ge\u00e7erek Turan D. y\u00f6netimindeki 02 KP&#8230;<\/p>\n","protected":false},"author":1,"featured_media":59543,"comment_status":"open","ping_status":"open","sticky":false,"template":"","format":"standard","meta":{"_crdt_document":"","footnotes":""},"categories":[5],"tags":[],"class_list":["post-59542","post","type-post","status-publish","format-standard","has-post-thumbnail","hentry","category-asayis"],"_links":{"self":[{"href":"https:\/\/www.egemtv.com\/index.php?rest_route=\/wp\/v2\/posts\/59542","targetHints":{"allow":["GET"]}}],"collection":[{"href":"https:\/\/www.egemtv.com\/index.php?rest_route=\/wp\/v2\/posts"}],"about":[{"href":"https:\/\/www.egemtv.com\/index.php?rest_route=\/wp\/v2\/types\/post"}],"author":[{"embeddable":true,"href":"https:\/\/www.egemtv.com\/index.php?rest_route=\/wp\/v2\/users\/1"}],"replies":[{"embeddable":true,"href":"https:\/\/www.egemtv.com\/index.php?rest_route=%2Fwp%2Fv2%2Fcomments&post=59542"}],"version-history":[{"count":1,"href":"https:\/\/www.egemtv.com\/index.php?rest_route=\/wp\/v2\/posts\/59542\/revisions"}],"predecessor-version":[{"id":59544,"href":"https:\/\/www.egemtv.com\/index.php?rest_route=\/wp\/v2\/posts\/59542\/revisions\/59544"}],"wp:featuredmedia":[{"embeddable":true,"href":"https:\/\/www.egemtv.com\/index.php?rest_route=\/wp\/v2\/media\/59543"}],"wp:attachment":[{"href":"https:\/\/www.egemtv.com\/index.php?rest_route=%2Fwp%2Fv2%2Fmedia&parent=59542"}],"wp:term":[{"taxonomy":"category","embeddable":true,"href":"https:\/\/www.egemtv.com\/index.php?rest_route=%2Fwp%2Fv2%2Fcategories&post=59542"},{"taxonomy":"post_tag","embeddable":true,"href":"https:\/\/www.egemtv.com\/index.php?rest_route=%2Fwp%2Fv2%2Ftags&post=59542"}],"curies":[{"name":"wp","href":"https:\/\/api.w.org\/{rel}","templated":true}]}}