{"id":59539,"date":"2025-10-06T08:54:42","date_gmt":"2025-10-06T05:54:42","guid":{"rendered":"https:\/\/www.egemtv.com\/?p=59539"},"modified":"2025-10-06T08:54:52","modified_gmt":"2025-10-06T05:54:52","slug":"aydin-yagisli-havanin-etkisine-girecek","status":"publish","type":"post","link":"https:\/\/www.egemtv.com\/?p=59539","title":{"rendered":"Ayd\u0131n ya\u011f\u0131\u015fl\u0131 havan\u0131n etkisine girecek"},"content":{"rendered":"<p>Ayd\u0131n\u2019da bug\u00fcn ak\u015fam saatlerinden itibaren ya\u011f\u0131\u015fl\u0131 havan\u0131n etkili olmas\u0131 bekleniyor.<\/p>\n<p>Meteoroloji verilerine g\u00f6re Ayd\u0131n\u2019da havan\u0131n bug\u00fcn Par\u00e7al\u0131 \u00e7ok bulutlu, ak\u015fam saatlerinde bat\u0131 k\u0131y\u0131 il\u00e7eleri sa\u011fanak ya\u011f\u0131\u015fl\u0131, yar\u0131n \u00e7ok bulutlu, kuvvetli olmak \u00fczere il geneli sa\u011fanak ve g\u00f6k g\u00fcr\u00fclt\u00fcl\u00fc sa\u011fanak ya\u011f\u0131\u015fl\u0131, \u00c7ar\u015famba \u00e7ok bulutlu, il geneli sa\u011fanak ve g\u00f6k g\u00fcr\u00fclt\u00fcl\u00fc sa\u011fanak ya\u011f\u0131\u015fl\u0131, Per\u015fembe par\u00e7al\u0131 bulutlu, Cuma az bulutlu olmas\u0131 bekleniyor. Ya\u011f\u0131\u015fla birlikte hava s\u0131cakl\u0131klar\u0131nda da d\u00fc\u015f\u00fc\u015f ya\u015fanaca\u011f\u0131 tahmin ediliyor.<br \/><\/p>\n","protected":false},"excerpt":{"rendered":"<p>Ayd\u0131n\u2019da bug\u00fcn ak\u015fam saatlerinden itibaren ya\u011f\u0131\u015fl\u0131 havan\u0131n etkili olmas\u0131 bekleniyor. Meteoroloji verilerine g\u00f6re Ayd\u0131n\u2019da havan\u0131n bug\u00fcn Par\u00e7al\u0131 \u00e7ok bulutlu, ak\u015fam saatlerinde bat\u0131 k\u0131y\u0131 il\u00e7eleri sa\u011fanak ya\u011f\u0131\u015fl\u0131, yar\u0131n \u00e7ok bulutlu, kuvvetli olmak \u00fczere il geneli sa\u011fanak ve g\u00f6k g\u00fcr\u00fclt\u00fcl\u00fc sa\u011fanak ya\u011f\u0131\u015fl\u0131, \u00c7ar\u015famba \u00e7ok bulutlu, il geneli sa\u011fanak ve g\u00f6k g\u00fcr\u00fclt\u00fcl\u00fc sa\u011fanak ya\u011f\u0131\u015fl\u0131, Per\u015fembe par\u00e7al\u0131 bulutlu, Cuma&#8230;<\/p>\n","protected":false},"author":1,"featured_media":59540,"comment_status":"open","ping_status":"open","sticky":false,"template":"","format":"standard","meta":{"_crdt_document":"","footnotes":""},"categories":[5],"tags":[],"class_list":["post-59539","post","type-post","status-publish","format-standard","has-post-thumbnail","hentry","category-asayis"],"_links":{"self":[{"href":"https:\/\/www.egemtv.com\/index.php?rest_route=\/wp\/v2\/posts\/59539","targetHints":{"allow":["GET"]}}],"collection":[{"href":"https:\/\/www.egemtv.com\/index.php?rest_route=\/wp\/v2\/posts"}],"about":[{"href":"https:\/\/www.egemtv.com\/index.php?rest_route=\/wp\/v2\/types\/post"}],"author":[{"embeddable":true,"href":"https:\/\/www.egemtv.com\/index.php?rest_route=\/wp\/v2\/users\/1"}],"replies":[{"embeddable":true,"href":"https:\/\/www.egemtv.com\/index.php?rest_route=%2Fwp%2Fv2%2Fcomments&post=59539"}],"version-history":[{"count":1,"href":"https:\/\/www.egemtv.com\/index.php?rest_route=\/wp\/v2\/posts\/59539\/revisions"}],"predecessor-version":[{"id":59541,"href":"https:\/\/www.egemtv.com\/index.php?rest_route=\/wp\/v2\/posts\/59539\/revisions\/59541"}],"wp:featuredmedia":[{"embeddable":true,"href":"https:\/\/www.egemtv.com\/index.php?rest_route=\/wp\/v2\/media\/59540"}],"wp:attachment":[{"href":"https:\/\/www.egemtv.com\/index.php?rest_route=%2Fwp%2Fv2%2Fmedia&parent=59539"}],"wp:term":[{"taxonomy":"category","embeddable":true,"href":"https:\/\/www.egemtv.com\/index.php?rest_route=%2Fwp%2Fv2%2Fcategories&post=59539"},{"taxonomy":"post_tag","embeddable":true,"href":"https:\/\/www.egemtv.com\/index.php?rest_route=%2Fwp%2Fv2%2Ftags&post=59539"}],"curies":[{"name":"wp","href":"https:\/\/api.w.org\/{rel}","templated":true}]}}