{"id":59536,"date":"2025-10-06T08:35:38","date_gmt":"2025-10-06T05:35:38","guid":{"rendered":"https:\/\/www.egemtv.com\/?p=59536"},"modified":"2025-10-06T08:35:54","modified_gmt":"2025-10-06T05:35:54","slug":"otomobilin-carptigi-eski-muhtar-hayatini-kaybetti","status":"publish","type":"post","link":"https:\/\/www.egemtv.com\/?p=59536","title":{"rendered":"Otomobilin \u00e7arpt\u0131\u011f\u0131 eski muhtar hayat\u0131n\u0131 kaybetti"},"content":{"rendered":"<p>Afyonkarahisar\u2019da meydana gelen trafik kazas\u0131nda eski muhtar otomobilin \u00e7arpmas\u0131 sonucu ya\u015fam\u0131n\u0131 yitirdi.<br \/>\n<br \/>Edinilen bilgilere g\u00f6re, M.E. idaresindeki 34 EDE 033 plakal\u0131 ara\u00e7, \u0130kiler istikametinden Akcan Park\u0131 y\u00f6n\u00fcne seyir halindeyken yol kenar\u0131nda y\u00fcr\u00fcyen Mevl\u00fct \u0130nceer\u2019e \u00e7arpt\u0131. Kazan\u0131n ard\u0131ndan \u00e7evredeki vatanda\u015flar\u0131n ihbar\u0131 \u00fczerine olay yerine sa\u011fl\u0131k ve polis ekipleri sevk edildi. Olay yerine gelen sa\u011fl\u0131k ekipleri \u0130nceer\u2019in ya\u015fam\u0131n\u0131 kaybetti\u011fini belirledi. \u0130nceer\u2019in cenazesi yap\u0131lan incelemelerin ard\u0131ndan Bolvadin Devlet Hastanesi morguna kald\u0131r\u0131ld\u0131.<br \/>\n<br \/>Kazan\u0131n ard\u0131ndan savc\u0131l\u0131k taraf\u0131ndan soru\u015fturma ba\u015flat\u0131ld\u0131\u011f\u0131 bildirildi.<br \/>\n<br \/>\u00d6te yandan, kazada ya\u015fam\u0131n\u0131 yitiren \u0130nceer\u2019in \u00f6nceki d\u00f6nemlerde il\u00e7ede muhtarl\u0131k yapt\u0131\u011f\u0131 \u00f6\u011frenildi.<br \/><\/p>\n","protected":false},"excerpt":{"rendered":"<p>Afyonkarahisar\u2019da meydana gelen trafik kazas\u0131nda eski muhtar otomobilin \u00e7arpmas\u0131 sonucu ya\u015fam\u0131n\u0131 yitirdi. Edinilen bilgilere g\u00f6re, M.E. idaresindeki 34 EDE 033 plakal\u0131 ara\u00e7, \u0130kiler istikametinden Akcan Park\u0131 y\u00f6n\u00fcne seyir halindeyken yol kenar\u0131nda y\u00fcr\u00fcyen Mevl\u00fct \u0130nceer\u2019e \u00e7arpt\u0131. Kazan\u0131n ard\u0131ndan \u00e7evredeki vatanda\u015flar\u0131n ihbar\u0131 \u00fczerine olay yerine sa\u011fl\u0131k ve polis ekipleri sevk edildi. Olay yerine gelen sa\u011fl\u0131k ekipleri \u0130nceer\u2019in&#8230;<\/p>\n","protected":false},"author":1,"featured_media":59537,"comment_status":"open","ping_status":"open","sticky":false,"template":"","format":"standard","meta":{"_crdt_document":"","footnotes":""},"categories":[5],"tags":[],"class_list":["post-59536","post","type-post","status-publish","format-standard","has-post-thumbnail","hentry","category-asayis"],"_links":{"self":[{"href":"https:\/\/www.egemtv.com\/index.php?rest_route=\/wp\/v2\/posts\/59536","targetHints":{"allow":["GET"]}}],"collection":[{"href":"https:\/\/www.egemtv.com\/index.php?rest_route=\/wp\/v2\/posts"}],"about":[{"href":"https:\/\/www.egemtv.com\/index.php?rest_route=\/wp\/v2\/types\/post"}],"author":[{"embeddable":true,"href":"https:\/\/www.egemtv.com\/index.php?rest_route=\/wp\/v2\/users\/1"}],"replies":[{"embeddable":true,"href":"https:\/\/www.egemtv.com\/index.php?rest_route=%2Fwp%2Fv2%2Fcomments&post=59536"}],"version-history":[{"count":1,"href":"https:\/\/www.egemtv.com\/index.php?rest_route=\/wp\/v2\/posts\/59536\/revisions"}],"predecessor-version":[{"id":59538,"href":"https:\/\/www.egemtv.com\/index.php?rest_route=\/wp\/v2\/posts\/59536\/revisions\/59538"}],"wp:featuredmedia":[{"embeddable":true,"href":"https:\/\/www.egemtv.com\/index.php?rest_route=\/wp\/v2\/media\/59537"}],"wp:attachment":[{"href":"https:\/\/www.egemtv.com\/index.php?rest_route=%2Fwp%2Fv2%2Fmedia&parent=59536"}],"wp:term":[{"taxonomy":"category","embeddable":true,"href":"https:\/\/www.egemtv.com\/index.php?rest_route=%2Fwp%2Fv2%2Fcategories&post=59536"},{"taxonomy":"post_tag","embeddable":true,"href":"https:\/\/www.egemtv.com\/index.php?rest_route=%2Fwp%2Fv2%2Ftags&post=59536"}],"curies":[{"name":"wp","href":"https:\/\/api.w.org\/{rel}","templated":true}]}}