{"id":59533,"date":"2025-10-06T08:34:54","date_gmt":"2025-10-06T05:34:54","guid":{"rendered":"https:\/\/www.egemtv.com\/?p=59533"},"modified":"2025-10-06T08:35:07","modified_gmt":"2025-10-06T05:35:07","slug":"mezun-oldugu-okulda-40-yil-gorev-yapan-ogretmen-aglatan-torenle-emekli-oldu","status":"publish","type":"post","link":"https:\/\/www.egemtv.com\/?p=59533","title":{"rendered":"Mezun oldu\u011fu okulda 40 y\u0131l g\u00f6rev yapan \u00f6\u011fretmen a\u011flatan t\u00f6renle emekli oldu"},"content":{"rendered":"<p>Ayd\u0131n\u2019\u0131n Nazilli il\u00e7esinde 40 y\u0131ll\u0131k \u00f6\u011fretmen Ali \u00c7etin B\u00fcy\u00fckgen\u00e7 mezun oldu\u011fu Nazilli \u015eehit S\u00fcmer Deniz Anadolu \u0130mam Hatip Lisesi\u2019ndeki g\u00f6rev s\u00fcresini tamamlayarak emekliye ayr\u0131ld\u0131. B\u00fcy\u00fckgen\u00e7 meslekta\u015flar\u0131 ve \u00f6\u011frencilerinin haz\u0131rlad\u0131\u011f\u0131 s\u00fcrpriz t\u00f6ren kar\u015f\u0131s\u0131nda g\u00f6zya\u015flar\u0131n\u0131 tutamad\u0131.<\/p>\n<p>Nazilli \u015eehit S\u00fcmer Deniz Anadolu \u0130mam Hatip Lisesi\u2019nde 40 y\u0131ld\u0131r \u00f6\u011fretmen olarak g\u00f6rev yapan Ali \u00c7etin B\u00fcy\u00fckgen\u00e7, okulun ilk mezunlar\u0131ndan biri olarak ba\u015flad\u0131\u011f\u0131 \u00f6\u011fretmenlik hayat\u0131n\u0131 yine ayn\u0131 okulda tamamlad\u0131. \u00d6\u011frencileri ve meslekta\u015flar\u0131 taraf\u0131ndan yap\u0131lan s\u00fcrpriz ile \u00e7i\u00e7ekler ile u\u011furlanan B\u00fcy\u00fckgen\u00e7, t\u00f6rende duygu dolu anlar ya\u015fad\u0131. B\u00fcy\u00fckgen\u00e7, okul hoparl\u00f6r\u00fcnden \u00e7alan \u2019Hat\u0131ran yeter\u2019 \u015fark\u0131s\u0131 ve \u00f6\u011frencilerinin alk\u0131\u015flar\u0131 e\u015fli\u011finde okuldan \u00e7\u0131karken, mezun oldu\u011fu okulda yakla\u015f\u0131k yar\u0131m as\u0131r \u00f6\u011fretmenlik yapman\u0131n \u00e7ok gurur verici bir durum oldu\u011funu kaydetti.<\/p>\n<p>S\u00fcrpriz u\u011furlamada konu\u015fan B\u00fcy\u00fckgen\u00e7, &#8220;Bu okuldan mezun olduktan sonra \u00fcniversite hayat\u0131m\u0131n ard\u0131ndan Nazilli \u0130mam Hatip Okulu\u2019nun yeti\u015ftirdi\u011fi ilk \u00f6\u011fretmenlerden olarak kendi okuluma atand\u0131m. O g\u00fcnden bu yana 40 y\u0131l boyunca ayn\u0131 kurumda g\u00f6rev yapt\u0131m. Bu haz\u0131rl\u0131klar\u0131n hi\u00e7birinden haberim yoktu, \u00e7ok duyguland\u0131m. Normalde hitabetim g\u00fc\u00e7l\u00fcd\u00fcr ama bu s\u00fcrpriz kar\u015f\u0131s\u0131nda s\u00f6zler bo\u011faz\u0131mda d\u00fc\u011f\u00fcmlendi. Kalbini k\u0131rd\u0131\u011f\u0131m kim varsa hakk\u0131n\u0131 helal etsin, benden yana da helal olsun&#8221; dedi.<\/p>\n<p>Nazilli \u015eehit S\u00fcmer Deniz Anadolu \u0130mam Hatip Lisesi M\u00fcd\u00fcr\u00fc \u015eakir Ta\u015fk\u0131ran ise, &#8220;Ali \u00c7etin hocam\u0131z okulumuzun ilk mezunlar\u0131ndan ve ilk \u00f6\u011fretmenlerinden biri. 40 y\u0131ll\u0131k hizmetin ard\u0131ndan ya\u015f haddi nedeniyle emekliye ayr\u0131ld\u0131. Herkese nasip olmayacak bir \u015fekilde kendi mezun oldu\u011fu okulda bu kadar uzun s\u00fcre g\u00f6rev yapmas\u0131 hepimiz i\u00e7in, \u00f6\u011fretmeninim amirli\u011fi pozisyonunda g\u00f6rev yapma \u015fans\u0131 bulmak da benim i\u00e7in b\u00fcy\u00fck bir gurur. \u0130mam Hatip davas\u0131na verdi\u011fi emekler ve \u00f6rnek ki\u015fili\u011fiyle g\u00f6nl\u00fcm\u00fczde yer etti. Allah ondan raz\u0131 olsun, \u00f6mr\u00fc bereketli olsun&#8221; ifadelerini kulland\u0131.<br \/><\/p>\n","protected":false},"excerpt":{"rendered":"<p>Ayd\u0131n\u2019\u0131n Nazilli il\u00e7esinde 40 y\u0131ll\u0131k \u00f6\u011fretmen Ali \u00c7etin B\u00fcy\u00fckgen\u00e7 mezun oldu\u011fu Nazilli \u015eehit S\u00fcmer Deniz Anadolu \u0130mam Hatip Lisesi\u2019ndeki g\u00f6rev s\u00fcresini tamamlayarak emekliye ayr\u0131ld\u0131. B\u00fcy\u00fckgen\u00e7 meslekta\u015flar\u0131 ve \u00f6\u011frencilerinin haz\u0131rlad\u0131\u011f\u0131 s\u00fcrpriz t\u00f6ren kar\u015f\u0131s\u0131nda g\u00f6zya\u015flar\u0131n\u0131 tutamad\u0131. Nazilli \u015eehit S\u00fcmer Deniz Anadolu \u0130mam Hatip Lisesi\u2019nde 40 y\u0131ld\u0131r \u00f6\u011fretmen olarak g\u00f6rev yapan Ali \u00c7etin B\u00fcy\u00fckgen\u00e7, okulun ilk mezunlar\u0131ndan biri&#8230;<\/p>\n","protected":false},"author":1,"featured_media":59534,"comment_status":"open","ping_status":"open","sticky":false,"template":"","format":"standard","meta":{"_crdt_document":"","footnotes":""},"categories":[1],"tags":[],"class_list":["post-59533","post","type-post","status-publish","format-standard","has-post-thumbnail","hentry","category-guncel"],"_links":{"self":[{"href":"https:\/\/www.egemtv.com\/index.php?rest_route=\/wp\/v2\/posts\/59533","targetHints":{"allow":["GET"]}}],"collection":[{"href":"https:\/\/www.egemtv.com\/index.php?rest_route=\/wp\/v2\/posts"}],"about":[{"href":"https:\/\/www.egemtv.com\/index.php?rest_route=\/wp\/v2\/types\/post"}],"author":[{"embeddable":true,"href":"https:\/\/www.egemtv.com\/index.php?rest_route=\/wp\/v2\/users\/1"}],"replies":[{"embeddable":true,"href":"https:\/\/www.egemtv.com\/index.php?rest_route=%2Fwp%2Fv2%2Fcomments&post=59533"}],"version-history":[{"count":1,"href":"https:\/\/www.egemtv.com\/index.php?rest_route=\/wp\/v2\/posts\/59533\/revisions"}],"predecessor-version":[{"id":59535,"href":"https:\/\/www.egemtv.com\/index.php?rest_route=\/wp\/v2\/posts\/59533\/revisions\/59535"}],"wp:featuredmedia":[{"embeddable":true,"href":"https:\/\/www.egemtv.com\/index.php?rest_route=\/wp\/v2\/media\/59534"}],"wp:attachment":[{"href":"https:\/\/www.egemtv.com\/index.php?rest_route=%2Fwp%2Fv2%2Fmedia&parent=59533"}],"wp:term":[{"taxonomy":"category","embeddable":true,"href":"https:\/\/www.egemtv.com\/index.php?rest_route=%2Fwp%2Fv2%2Fcategories&post=59533"},{"taxonomy":"post_tag","embeddable":true,"href":"https:\/\/www.egemtv.com\/index.php?rest_route=%2Fwp%2Fv2%2Ftags&post=59533"}],"curies":[{"name":"wp","href":"https:\/\/api.w.org\/{rel}","templated":true}]}}