{"id":59530,"date":"2025-10-05T22:18:20","date_gmt":"2025-10-05T19:18:20","guid":{"rendered":"https:\/\/www.egemtv.com\/?p=59530"},"modified":"2025-10-05T22:18:33","modified_gmt":"2025-10-05T19:18:33","slug":"hugo-almeida-ucuncu-kez-oluyor-ama-taraftarlarimizdan-ozur-diliyorum","status":"publish","type":"post","link":"https:\/\/www.egemtv.com\/?p=59530","title":{"rendered":"Hugo Almeida: &#8220;\u00dc\u00e7\u00fcnc\u00fc kez oluyor ama taraftarlar\u0131m\u0131zdan \u00f6z\u00fcr diliyorum&#8221;"},"content":{"rendered":"<p>Trendyol 1. Lig\u2019in 9. haftas\u0131nda Bodrum FK\u2019ya 5-0 ma\u011flup olan Ataka\u015f Hatayspor\u2019da Teknik Direkt\u00f6r Hugo Almeida ma\u00e7 sonu a\u00e7\u0131klamas\u0131nda taraftarlardan \u00f6z\u00fcr diledi\u011fini s\u00f6yledi.<br \/>\n<br \/>Trendyol 1. Lig\u2019in 9. haftas\u0131nda Ataka\u015f Hatayspor, deplasmanda kar\u015f\u0131la\u015ft\u0131\u011f\u0131 Bodrum FK\u2019ya 5-0 ma\u011flup oldu. Kar\u015f\u0131la\u015fman\u0131n ard\u0131ndan d\u00fczenlenen bas\u0131n toplant\u0131s\u0131nda Hatayspor Teknik Direkt\u00f6r\u00fc Hugo Almeida, a\u00e7\u0131klamalarda bulundu. Taraftarlar\u0131ndan \u00f6z\u00fcr dileyerek s\u00f6zlerine ba\u015flayan Almeida, &#8220;\u0130lk yar\u0131y\u0131 anlatmak i\u00e7in kelimelere sahip de\u011filim, anlatacak s\u00f6z bulam\u0131yorum ama s\u00f6ylemek istedi\u011fim bir \u015fey var. \u00d6ncelikle y\u00f6netimimizden ve buraya kilometrelerce \u00f6teden bizi desteklemeye gelen taraftar\u0131m\u0131zdan \u00f6z\u00fcr diliyorum. Oyunculara gelecek olursam, al\u0131\u015f\u0131k oldu\u011fum oyuncular\u0131m yoktu. Ger\u00e7ekten onlara \u00e7ok darg\u0131n\u0131m. Bodrum\u2019u da tebrik ediyorum. \u0130nan\u0131lmaz bir oyun ortaya koydular. \u0130lk yar\u0131 \u00e7ok iyiydiler. Bodrum tak\u0131m\u0131n\u0131n ne yapabileceklerini de biliyorduk. Bize nereden hasar b\u0131rakabileceklerini ve tehlikeli olabileceklerini biliyorduk. \u0130dmanlarda da \u00e7al\u0131\u015fm\u0131\u015ft\u0131k ama bug\u00fcn bizim g\u00fcn\u00fcm\u00fcz de\u011fildi. \u00dc\u00e7\u00fcnc\u00fc kez oluyor belki ama ben taraftarlar\u0131m\u0131zdan \u00f6z\u00fcr diliyorum. Bug\u00fcn \u00e7ok \u00fczg\u00fcn\u00fcm&#8221; diye konu\u015ftu.<br \/><\/p>\n","protected":false},"excerpt":{"rendered":"<p>Trendyol 1. Lig\u2019in 9. haftas\u0131nda Bodrum FK\u2019ya 5-0 ma\u011flup olan Ataka\u015f Hatayspor\u2019da Teknik Direkt\u00f6r Hugo Almeida ma\u00e7 sonu a\u00e7\u0131klamas\u0131nda taraftarlardan \u00f6z\u00fcr diledi\u011fini s\u00f6yledi. Trendyol 1. Lig\u2019in 9. haftas\u0131nda Ataka\u015f Hatayspor, deplasmanda kar\u015f\u0131la\u015ft\u0131\u011f\u0131 Bodrum FK\u2019ya 5-0 ma\u011flup oldu. Kar\u015f\u0131la\u015fman\u0131n ard\u0131ndan d\u00fczenlenen bas\u0131n toplant\u0131s\u0131nda Hatayspor Teknik Direkt\u00f6r\u00fc Hugo Almeida, a\u00e7\u0131klamalarda bulundu. Taraftarlar\u0131ndan \u00f6z\u00fcr dileyerek s\u00f6zlerine ba\u015flayan Almeida,&#8230;<\/p>\n","protected":false},"author":1,"featured_media":59531,"comment_status":"open","ping_status":"open","sticky":false,"template":"","format":"standard","meta":{"_crdt_document":"","footnotes":""},"categories":[4],"tags":[],"class_list":["post-59530","post","type-post","status-publish","format-standard","has-post-thumbnail","hentry","category-spor"],"_links":{"self":[{"href":"https:\/\/www.egemtv.com\/index.php?rest_route=\/wp\/v2\/posts\/59530","targetHints":{"allow":["GET"]}}],"collection":[{"href":"https:\/\/www.egemtv.com\/index.php?rest_route=\/wp\/v2\/posts"}],"about":[{"href":"https:\/\/www.egemtv.com\/index.php?rest_route=\/wp\/v2\/types\/post"}],"author":[{"embeddable":true,"href":"https:\/\/www.egemtv.com\/index.php?rest_route=\/wp\/v2\/users\/1"}],"replies":[{"embeddable":true,"href":"https:\/\/www.egemtv.com\/index.php?rest_route=%2Fwp%2Fv2%2Fcomments&post=59530"}],"version-history":[{"count":1,"href":"https:\/\/www.egemtv.com\/index.php?rest_route=\/wp\/v2\/posts\/59530\/revisions"}],"predecessor-version":[{"id":59532,"href":"https:\/\/www.egemtv.com\/index.php?rest_route=\/wp\/v2\/posts\/59530\/revisions\/59532"}],"wp:featuredmedia":[{"embeddable":true,"href":"https:\/\/www.egemtv.com\/index.php?rest_route=\/wp\/v2\/media\/59531"}],"wp:attachment":[{"href":"https:\/\/www.egemtv.com\/index.php?rest_route=%2Fwp%2Fv2%2Fmedia&parent=59530"}],"wp:term":[{"taxonomy":"category","embeddable":true,"href":"https:\/\/www.egemtv.com\/index.php?rest_route=%2Fwp%2Fv2%2Fcategories&post=59530"},{"taxonomy":"post_tag","embeddable":true,"href":"https:\/\/www.egemtv.com\/index.php?rest_route=%2Fwp%2Fv2%2Ftags&post=59530"}],"curies":[{"name":"wp","href":"https:\/\/api.w.org\/{rel}","templated":true}]}}